{"id":3628,"date":"2013-07-29T11:39:16","date_gmt":"2013-07-29T09:39:16","guid":{"rendered":"http:\/\/www.carmelocelona.com\/?p=3628"},"modified":"2024-01-01T11:41:01","modified_gmt":"2024-01-01T10:41:01","slug":"diventiamo-forti-e-impegnati","status":"publish","type":"post","link":"http:\/\/www.carmelocelona.com\/index.php\/2013\/07\/29\/diventiamo-forti-e-impegnati\/","title":{"rendered":"Diventiamo forti e impegnati"},"content":{"rendered":"<p>Chi controlla l\u2019informazione controlla le coscienze, compra l\u2019anima degli uomini e pu\u00f2 sottrarre loro,a suo vantaggio, ogni diritto civile.<\/p>\n<p><strong><em>\u201cNon questa societ\u00e0 che mette in discussione le pensioni e le conquiste della Stato Sociale, non questa societ\u00e0\u00a0 in cui i media sono monopolio dei ricchi\u201d.<\/em><\/strong><\/p>\n<p>Ormai \u00e8 accalorato, la tesi della privatizzazione dei servizi \u00e8 stata una grande impostura che ha fatto regredire con fretta esponenziale il livello di civilt\u00e0 del nostro paese.<\/p>\n<p>\u201c<strong><em>A partire dal 1945. Un progetto volto ad assicurare mezzi di sostentamento a tutti i cittadini, qualora, fossero inabili a procurarseli con il lavoro. Una pensione che consenta ai lavoratori anziani di avere una vecchiaia dignitosa. Le fonti di energia, l\u2019elettricit\u00e0 e il gas, le miniere di carbone, le grandi banche statalizzate<\/em><\/strong><em>\u201d.<\/em><\/p>\n<p>Il denaro, usato solo come moneta di scambio di beni e servizi, con divieto di accumulo, porterebbe ad una automatica ridistribuzione della ricchezza.<\/p>\n<p>\u201c<strong><em>L\u2019interesse generale deve prevalere sull\u2019interesse particolare, l\u2019equa distribuzione delle ricchezze prodotte nel mondo del lavoro deve prevalere sul potere del denaro<\/em><\/strong><strong>\u201d.<\/strong><\/p>\n<p>I giornalisti hanno un dovere morale e civile di fare inchieste, di cercare prove inconfutabili e oggettive, da mettere a disposizione dei lettori.<\/p>\n<p>\u201c<strong><em>Una vera democrazia ha bisogno di una stampa indipendente<\/em><\/strong><strong>\u201d. <\/strong><\/p>\n<p>Le casse dello stato sono vuote mentre quelle dei privati sono piene; un tempo era il contrario. Questo travaso \u00e8 avvenuto a causa della perniciosa circostanza che ha visto, e vede ancora, la figura dell\u2019amministratore pubblico e dell\u2019imprenditore privato coincidere.<\/p>\n<p>\u201c<strong><em>Hanno il coraggio di raccontarci che lo Stato non \u00e8 pi\u00f9 in grado di sostenere i costi per i cittadini. Ma com\u2019\u00e8 possibile che oggi manchi il denaro a salvaguardare e garantire i diritti conquistati con la liberazione<\/em><\/strong><strong>\u201d. <\/strong><\/p>\n<p>Il denaro \u00e8 un mostro che fatalmente divora chi lo serve.<\/p>\n<p>\u201c<strong><em>Il potere dei soldi non \u00e8 mai stato cos\u00ec grande, arrogante, egoista con i suoi stessi servitori, fin nelle pi\u00f9 alte sfere. le banche dimostrano di preoccuparsi anzitutto dei loro dividendi e degli stipendi vertiginosi dei loro dirigenti, non certo dell\u2019interesse generale<\/em><\/strong><strong>\u201d. <\/strong><\/p>\n<p>Ci hanno fatto credere che ci si doveva fare da soli, e cos\u00ec abbiamo rinunziato alla categoria della solidariet\u00e0 per assumere, tutti, anche i meno attrezzati quella di un rivoltante individualismo.<\/p>\n<p>\u201c<strong><em>Il divario tra i pi\u00f9 poveri e i pi\u00f9 ricchi non \u00e8 mai stato cos\u00ec significativo; e mai la corsa al denaro, la competizione, erano state a tal punto incoraggiate\u201d. <\/em><\/strong><strong>\u00a0<\/strong><\/p>\n<p>Siano gi\u00e0 con un piede nella terza guerra mondiale, uscirne e scampare il pericolo o metterci dentro pure l\u2019altro piede \u00e8 questione di poco.<\/p>\n<p>\u201c<strong><em>La dittatura dei mercati finanziari minaccia la pace e la democrazia\u201d. <\/em><\/strong><strong>\u00a0<\/strong><\/p>\n<p>L\u2019indignazione porta in trionfo la dignit\u00e0.<\/p>\n<p>\u201c<strong><em>Indignatevi! Quando qualcosa ci indigna diventiamo forti e impegnati\u201d. <\/em><\/strong><strong>\u00a0<\/strong><\/p>\n<p>La modernit\u00e0 ha ucciso Dio per farne rinascere un altro: Il dio denaro. Ora \u00e8 giunto il momento che l\u2019uomo torni ad essere il fabbro del proprio destino e uccida anche questo dio moderno.<\/p>\n<p>\u201c<strong><em>Noi siamo responsabili in quanto individui. La responsabilit\u00e0 dell\u2019uomo che non pu\u00f2 affidarsi ne al potere n\u00e9 a un Dio ma che deve impegnarsi nel nome della propria responsabilit\u00e0 di essere umano\u201d. <\/em><\/strong><strong>\u00a0<\/strong><\/p>\n<p>Il nemico della civilt\u00e0 e della democrazia oggi \u00e8 sfuggente e indefinito. E\u2019 come una malattia auto immune invade un organismo sano, ma non lo attacca in prima persona, fa si che l\u2019organismo si attacchi da solo.<\/p>\n<p>\u201c<strong><em>Chi comanda, chi decide? Non abbiamo pi\u00f9 a che fare con una piccola \u00e8lite della quale comprendiamo chiaramente gli intrighi<\/em><\/strong><strong>\u201d. <\/strong><\/p>\n<p>Non bisogna solo guardare, ma bisogna vedere. Vedere significa riuscire a collegare gli effetti con le cause, andando alle radici delle medesime. Vedere \u00e8 essere radicali. La radicalit\u00e0 non accetta compromessi, perch\u00e8 il compromesso uccide il diritto, il merito, la giustizia e la democrazia.<\/p>\n<p>\u201c<strong><em>In questo nostro mondo esistono cose intollerabili. Per accorgersene occorre affinare lo sguardo, scavare\u201d. <\/em><\/strong><\/p>\n<p>Il vero nemico non sono i furbi e i disonesti, essi sono solo il sintomo di un male gravissimo della nostra societ\u00e0: il diffusissimo disimpegno morale e civile indifferente ad ogni istanza di giustizia e solidariet\u00e0.<\/p>\n<p>\u201c<strong><em>L\u2019indifferenza \u00e8 il peggiore di tutti gli atteggiamenti, dire: &lt; io che ci posso fare, mi arrangio&gt;. Comportandoci in questo modo perdiamo una delle componenti essenziali dell\u2019uomo. Una delel sue qualit\u00e0 indispensabili: la capacit\u00e0 di indignarsi e l\u2019impegno che ne consegue<\/em><\/strong><strong>\u201d. <\/strong><\/p>\n<p>Oggi solo l\u2019indignazione pu\u00f2 salvare la civilt\u00e0 dall\u2019estinzione, disinnescando, con la protesta, le trappole di coloro che dominano il mondo, manipolando la giustizia e la democrazia.<\/p>\n<p>\u201c<strong><em>Ai giovani dico: guardatevi attorno, e troverete gli argomenti che giustificano la vostra indignazione. Troverete situazioni concrete che vi indurranno a intraprendere un\u2019azione civile risoluta. Cercate nell\u2019immenso divario fra molto poveri e molto ricchi e troverete\u201d. <\/em><\/strong><strong>\u00a0<\/strong><\/p>\n<p>&nbsp;<\/p>\n<p>Carmelo Celona<\/p>\n<p>29\/07\/2013<\/p>\n<p>&nbsp;<\/p>\n<p>Lacerti tratti da:<\/p>\n<p>\u201c<em>Indignatevi! <\/em>\u201d &#8211; 2010<\/p>\n<p>St\u00e8phane Hessel<\/p>\n<p><img loading=\"lazy\" decoding=\"async\" class=\"alignnone size-medium wp-image-3629\" src=\"http:\/\/www.carmelocelona.com\/wp-content\/uploads\/2024\/01\/Empoert-Euch-Autor-Stephane-Hessel-gestorben-300x293.jpg\" alt=\"\" width=\"300\" height=\"293\" srcset=\"http:\/\/www.carmelocelona.com\/wp-content\/uploads\/2024\/01\/Empoert-Euch-Autor-Stephane-Hessel-gestorben-300x293.jpg 300w, http:\/\/www.carmelocelona.com\/wp-content\/uploads\/2024\/01\/Empoert-Euch-Autor-Stephane-Hessel-gestorben-768x751.jpg 768w, http:\/\/www.carmelocelona.com\/wp-content\/uploads\/2024\/01\/Empoert-Euch-Autor-Stephane-Hessel-gestorben-480x469.jpg 480w, http:\/\/www.carmelocelona.com\/wp-content\/uploads\/2024\/01\/Empoert-Euch-Autor-Stephane-Hessel-gestorben.jpg 1024w\" sizes=\"(max-width: 300px) 100vw, 300px\" \/><\/p>\n","protected":false},"excerpt":{"rendered":"<p>Chi controlla l\u2019informazione controlla le coscienze, compra l\u2019anima degli uomini e pu\u00f2 sottrarre loro,a suo vantaggio, ogni diritto civile. \u201cNon questa societ\u00e0 che mette in discussione le pensioni e le<\/p>\n","protected":false},"author":1,"featured_media":3631,"comment_status":"open","ping_status":"open","sticky":false,"template":"","format":"standard","meta":{"footnotes":""},"categories":[10],"tags":[],"_links":{"self":[{"href":"http:\/\/www.carmelocelona.com\/index.php\/wp-json\/wp\/v2\/posts\/3628"}],"collection":[{"href":"http:\/\/www.carmelocelona.com\/index.php\/wp-json\/wp\/v2\/posts"}],"about":[{"href":"http:\/\/www.carmelocelona.com\/index.php\/wp-json\/wp\/v2\/types\/post"}],"author":[{"embeddable":true,"href":"http:\/\/www.carmelocelona.com\/index.php\/wp-json\/wp\/v2\/users\/1"}],"replies":[{"embeddable":true,"href":"http:\/\/www.carmelocelona.com\/index.php\/wp-json\/wp\/v2\/comments?post=3628"}],"version-history":[{"count":1,"href":"http:\/\/www.carmelocelona.com\/index.php\/wp-json\/wp\/v2\/posts\/3628\/revisions"}],"predecessor-version":[{"id":3632,"href":"http:\/\/www.carmelocelona.com\/index.php\/wp-json\/wp\/v2\/posts\/3628\/revisions\/3632"}],"wp:featuredmedia":[{"embeddable":true,"href":"http:\/\/www.carmelocelona.com\/index.php\/wp-json\/wp\/v2\/media\/3631"}],"wp:attachment":[{"href":"http:\/\/www.carmelocelona.com\/index.php\/wp-json\/wp\/v2\/media?parent=3628"}],"wp:term":[{"taxonomy":"category","embeddable":true,"href":"http:\/\/www.carmelocelona.com\/index.php\/wp-json\/wp\/v2\/categories?post=3628"},{"taxonomy":"post_tag","embeddable":true,"href":"http:\/\/www.carmelocelona.com\/index.php\/wp-json\/wp\/v2\/tags?post=3628"}],"curies":[{"name":"wp","href":"https:\/\/api.w.org\/{rel}","templated":true}]}}