{"id":3623,"date":"2013-07-07T11:34:36","date_gmt":"2013-07-07T09:34:36","guid":{"rendered":"http:\/\/www.carmelocelona.com\/?p=3623"},"modified":"2024-01-01T11:38:16","modified_gmt":"2024-01-01T10:38:16","slug":"vedermi-vivere","status":"publish","type":"post","link":"http:\/\/www.carmelocelona.com\/index.php\/2013\/07\/07\/vedermi-vivere\/","title":{"rendered":"Vedermi vivere"},"content":{"rendered":"<p>Gli altri ci vedono in un modo a noi del tutto estraneo.<\/p>\n<p><strong><em>\u00a0\u201cMi si\u00a0 fiss\u00f2 il pensiero ch\u2019io non ero per gli altri quel che finora, dentro di me, m\u2019ero figurato d\u2019essere\u201d.<\/em><\/strong><\/p>\n<p>La solitudine \u00e8 la mancata condivisione con gli altri della nostra vita interiore.<\/p>\n<p>\u201c<strong><em>La solitudine non \u00e8 mai con voi; \u00e8 sempre senza di voi, e soltanto possibile con un estraneo attorno; che del tutto vi ignora, che del tutto vi ignorate, cos\u00ec che la vostra volont\u00e0 e il vostro sentimento restino sospesi e smarriti in un\u2019incertezza angosciosa<\/em><\/strong><em>\u201d.<\/em><\/p>\n<p>Oggi le citt\u00e0 sono piene di \u201cnon luoghi\u201d. Di luoghi ove non vi \u00e8 traccia di riferimenti storici e culturali, di elementi di socializzazione e di aggregazione umana. Sempre pi\u00f9 centri commerciali e sempre meno piazze e teatri.<\/p>\n<p>\u201c<strong><em>La vera solitudine \u00e8 in un luogo che vive per s\u00e9 e che per voi non ha traccia n\u00e8 voce, e dove dunque siete estraneo<\/em><\/strong><strong>\u201d.<\/strong><\/p>\n<p>I pensieri degli altri sono scritti nelle loro involontarie reazioni fisiognomiche, che non riescono a dissimulare. Vi \u00e8 pi\u00f9 chiarezza espositiva nel linguaggio somatico che in quello verbale.<\/p>\n<p>\u201c<strong><em>E gli altri? Gli altri non sono mica dentro di me. Per gli altri che guardano da fuori le mie idee, i miei sentimenti hanno un naso. Il mio naso. E un paio d\u2019occhi, ch\u2019io non vedo e ch\u2019essi vedono<\/em><\/strong><strong>\u201d. <\/strong><\/p>\n<p>Quelle mattine quando allo specchio ci appare uno sconosciuto al quale ci viene d\u2019istinto chiedere: <em>scusi lei chi \u00e8<\/em>?<\/p>\n<p>\u201c<strong><em>Non potevo vedermi come gli altri mi vedono; pormi davanti al mio corpo e vederlo vivere come quello di un altro. Io non potevo vedermi vivere<\/em><\/strong><strong>\u201d. <\/strong><\/p>\n<p>Tutti aspiriamo a vivere il pi\u00f9 a lungo possibile, pochi sanno per quale scopo.<\/p>\n<p>\u201c<strong><em>Non conosceva nulla, n\u00e9 si conosceva; viveva per vivere, e non sapeva di vivere, gli batteva il cuore, e non lo sapeva; respirava, e non lo sapeva, muoveva le palpebre, e non se n\u2019accorgeva<\/em><\/strong><strong>\u201d. <\/strong><\/p>\n<p>Il dialogo tra sordi \u00e8, quasi sempre, fatto di parole.<\/p>\n<p>\u201c<strong><em>Abbiamo usato, la stessa lingua. Ma che colpa abbiamo se le parole, per s\u00e9, sono vuote? Vuote. Voi le riempite del vostro senso, nel dirmele, e io nell\u2019accoglierle, inevitabilmente, le riempio del senso mio. Abbiamo creduto d\u2019intenderci; non ci siamo intesi affatto\u201d. <\/em><\/strong><strong>\u00a0<\/strong><\/p>\n<p>L\u2019innamoramento scatta con l\u2019idealizzazione della persona amata.<\/p>\n<p>\u201c&lt;<strong><em>Vuoi che non sappia quel che ti piace e quel che non ti piace? Conosco bene i tuoi gusti, io, e come tu la pensi.&gt; Sfido ch\u2019ella conosceva quel suo Geng\u00e8 pi\u00f9 che lo conoscessi io! Se l\u2019era costruito lei!\u201d <\/em><\/strong><strong>\u00a0<\/strong><\/p>\n<p>La costruzione di un edificio \u00e8 un\u2019aggiunta all\u2019esistente attraverso una sottrazione.<\/p>\n<p>\u201c<strong><em>Avete mai veduto costruire una casa? Ma guarda un po\u2019 l\u2019uomo ne cava pietre; le squadra; le dispone le une sulle altre e, quello che era un pezzo di montagna \u00e8 diventata una casa\u201d. <\/em><\/strong><strong>\u00a0<\/strong><\/p>\n<p>Nessun grande amore nascerebbe senza l\u2019attivazione di processi di idealizzazione della persona amata.<\/p>\n<p>\u201c<strong><em>Vidi per la prima volta mio padre come non lo avevo mai veduto: fuori, nella sua vita, ma non com\u2019era per s\u00e9, come in s\u00e9 si sentiva, ch\u2019io non potevo saperlo; ma come estraneo a me del tutto, nella realt\u00e0 che, tal quale egli ora appariva. Gli altri non danno e non possono dare a questo padre quella stessa realt\u00e0 che noi gli diamo. Scoprire come egli vive con gli altri, per un momento si dimentichino che non siamo. L\u2019uomo ch\u2019egli \u00e8 per loro. Un altro. Non si pu\u00f2 sapere\u201d. <\/em><\/strong><strong>\u00a0<\/strong><\/p>\n<p>Senza nome non esistiamo.<\/p>\n<p>\u201c<strong><em>Il nome \u00e8 la cosa;<\/em><\/strong> <strong><em>se un nome \u00e8 in noi il concetto d\u2019ogni cosa posta fuori di noi; e senza nome non si ha il concetto e la cosa resta in noi come cieca, non distinta\u00a0 e non definita; ebbene, questo che portai tra gli uomini ciascuno lo incida, epigrafe funeraria, sulla fronte di quella immagine con cui gli apparvi, e la lasci in pace e non n\u00e9 parli pi\u00f9<\/em><\/strong><strong>\u201d. <\/strong><\/p>\n<p>Ci accorgiamo d\u2019esser soli proprio quando pur vivendo con gli altri non condividiamo nulla. Nessun sentimento, nessuna emozione, nessun pensiero.<\/p>\n<p>\u201c<strong><em>Sono quest\u2019albero. Albero, nuvola, domani libro o vento: il libro che leggo, il vento che bevo. Tutto fuori, vagabondo\u201d. <\/em><\/strong><strong>\u00a0<\/strong><\/p>\n<p>La vita non finisce \u00e8 la morte che comincia.<\/p>\n<p>\u201c<strong><em>Un nome. Conviene ai morti. A chi ha concluso. Io sono vivo e non concludo. La vita non conclude<\/em><\/strong><strong>\u201d. <\/strong><\/p>\n<p>&nbsp;<\/p>\n<p>Carmelo Celona<\/p>\n<p>07\/07\/2013<\/p>\n<p>&nbsp;<\/p>\n<p>Lacerti tratti da:<\/p>\n<p>\u201c<em>Uno, nessuno e centomila<\/em>\u201d &#8211; 1926<\/p>\n<p>Luigi Pirandello<\/p>\n<p>&nbsp;<\/p>\n<p><img loading=\"lazy\" decoding=\"async\" class=\"alignnone size-medium wp-image-3624\" src=\"http:\/\/www.carmelocelona.com\/wp-content\/uploads\/2024\/01\/frasi-pirandello-300x178.webp\" alt=\"\" width=\"300\" height=\"178\" srcset=\"http:\/\/www.carmelocelona.com\/wp-content\/uploads\/2024\/01\/frasi-pirandello-300x178.webp 300w, http:\/\/www.carmelocelona.com\/wp-content\/uploads\/2024\/01\/frasi-pirandello-1024x608.webp 1024w, http:\/\/www.carmelocelona.com\/wp-content\/uploads\/2024\/01\/frasi-pirandello-768x456.webp 768w, http:\/\/www.carmelocelona.com\/wp-content\/uploads\/2024\/01\/frasi-pirandello-480x285.webp 480w, http:\/\/www.carmelocelona.com\/wp-content\/uploads\/2024\/01\/frasi-pirandello.webp 1200w\" sizes=\"(max-width: 300px) 100vw, 300px\" \/><\/p>\n<p>&nbsp;<\/p>\n<p>&nbsp;<\/p>\n<p>&nbsp;<\/p>\n<p>&nbsp;<\/p>\n<p>&nbsp;<\/p>\n<p>&nbsp;<\/p>\n<p>&nbsp;<\/p>\n<p>&nbsp;<\/p>\n","protected":false},"excerpt":{"rendered":"<p>Gli altri ci vedono in un modo a noi del tutto estraneo. \u00a0\u201cMi si\u00a0 fiss\u00f2 il pensiero ch\u2019io non ero per gli altri quel che finora, dentro di me, m\u2019ero<\/p>\n","protected":false},"author":1,"featured_media":3626,"comment_status":"open","ping_status":"open","sticky":false,"template":"","format":"standard","meta":{"footnotes":""},"categories":[10],"tags":[44,46,45],"_links":{"self":[{"href":"http:\/\/www.carmelocelona.com\/index.php\/wp-json\/wp\/v2\/posts\/3623"}],"collection":[{"href":"http:\/\/www.carmelocelona.com\/index.php\/wp-json\/wp\/v2\/posts"}],"about":[{"href":"http:\/\/www.carmelocelona.com\/index.php\/wp-json\/wp\/v2\/types\/post"}],"author":[{"embeddable":true,"href":"http:\/\/www.carmelocelona.com\/index.php\/wp-json\/wp\/v2\/users\/1"}],"replies":[{"embeddable":true,"href":"http:\/\/www.carmelocelona.com\/index.php\/wp-json\/wp\/v2\/comments?post=3623"}],"version-history":[{"count":1,"href":"http:\/\/www.carmelocelona.com\/index.php\/wp-json\/wp\/v2\/posts\/3623\/revisions"}],"predecessor-version":[{"id":3627,"href":"http:\/\/www.carmelocelona.com\/index.php\/wp-json\/wp\/v2\/posts\/3623\/revisions\/3627"}],"wp:featuredmedia":[{"embeddable":true,"href":"http:\/\/www.carmelocelona.com\/index.php\/wp-json\/wp\/v2\/media\/3626"}],"wp:attachment":[{"href":"http:\/\/www.carmelocelona.com\/index.php\/wp-json\/wp\/v2\/media?parent=3623"}],"wp:term":[{"taxonomy":"category","embeddable":true,"href":"http:\/\/www.carmelocelona.com\/index.php\/wp-json\/wp\/v2\/categories?post=3623"},{"taxonomy":"post_tag","embeddable":true,"href":"http:\/\/www.carmelocelona.com\/index.php\/wp-json\/wp\/v2\/tags?post=3623"}],"curies":[{"name":"wp","href":"https:\/\/api.w.org\/{rel}","templated":true}]}}