{"id":3603,"date":"2013-05-28T11:05:21","date_gmt":"2013-05-28T09:05:21","guid":{"rendered":"http:\/\/www.carmelocelona.com\/?p=3603"},"modified":"2024-01-01T11:10:04","modified_gmt":"2024-01-01T10:10:04","slug":"lomaggio-del-vizio","status":"publish","type":"post","link":"http:\/\/www.carmelocelona.com\/index.php\/2013\/05\/28\/lomaggio-del-vizio\/","title":{"rendered":"L\u2019omaggio del vizio"},"content":{"rendered":"<p>Usare rispetto agli usi dei nostri ospiti, anche se non si condividono, \u00e8 un dovere che chiunque dovremmo sentire sacro. Perch\u00e9 \u00e8 il vero modo di usare rispetto agli ospiti stessi.<\/p>\n<p>\u201c<strong><em>C\u2019era una specie di diritto di ospitalit\u00e0 fra gli dei come tra gli uomini. Uno straniero arrivava in una citt\u00e0 e per prima cosa adorava gli dei locali. Non si mancava mai di venerare persino le divinit\u00e0 dei nemici<\/em><\/strong><em>\u201d.<\/em><\/p>\n<p>Il fanatismo religioso si combatte meglio se in ogni citt\u00e0 ci fosse un luogo dove ognuno possa praticare il culto che crede.<\/p>\n<p>\u201c<strong><em>Gli ateniesi avevano un altare dedicato agli dei stranieri, agli dei che essi non potevano conoscere. C\u2019\u00e8 una prova pi\u00f9 forte non solo di indulgenza verso tutti i popoli, ma anche di rispetto per i loro culti\u201d.<\/em><\/strong><\/p>\n<p>Non deve irritarci la disparit\u00e0 d\u2019opinione; \u00e8 una risorsa.<\/p>\n<p>\u201c<strong><em>Nessuna citt\u00e0 greca combatte mai per le proprie opinioni<\/em><\/strong><strong>\u201d. <\/strong><\/p>\n<p>Spesso facciamo guerre per cause che non ci riguardano e per scopi di dubbia giustizia e moralit\u00e0.<\/p>\n<p>\u201c<strong><em>Il grande principio del senato e del popolo romano era:&lt;Le offese agli dei sono un problema degli dei&gt;<\/em><\/strong><strong>\u201d.. <\/strong><\/p>\n<p>Uno Stato laico serve anche e soprattutto alle religioni.<\/p>\n<p>\u201c<strong><em>I Romani non professavano tutti i culti, non li riconoscevano tutti pubblicamente, ma li permisero tutti<\/em><\/strong><strong>\u201d. <\/strong><\/p>\n<p>Quando ci si difende da un fanatico fazioso questi ci accuser\u00e0 di essere intolleranti dichiarandosi vittima di una nostra aggressione. Come in quella storia del bue e delle corna dell\u2019asino.<\/p>\n<p>\u201c<strong><em>Non si pu\u00f2 credere che ci sia stata inquisizione contro i cristiani sotto gli imperatori, i Martiri furono coloro che si sollevarono contro i falsi dei. Si consideravano i cristiani come faziosi\u201d. <\/em><\/strong><strong>\u00a0<\/strong><\/p>\n<p>Il potere di certe religioni \u00e8 un potere che lega rende uguali il re e il suddito e li domina entrambi.<\/p>\n<p>\u201c<strong><em>Rispondete che tutte le religioni sono opera degli uomini, che la Chiesa cattolica, apostolica e romana, essa sola \u00e8 opera di Dio. Dal momento che la nostra religione \u00e8 divina, deve allora regnare con l\u2019odio, i furori, gli esili, la confisca dei beni, le prigioni, le torture, i supplizi. Pi\u00f9 la religione cristiana \u00e8 divina, meno \u00e8 compito dell\u2019uomo imporla; Se Dio l\u2019ha fatta, Dio la sosterr\u00e0 senza di voi\u201d. <\/em><\/strong><strong>\u00a0<\/strong><\/p>\n<p>La perniciosa diffusione dell\u2019ipocrisia della nostra societ\u00e0 ha radici anche in certi precetti cattolici.<\/p>\n<p><strong><em>\u201cL\u2019intolleranza non produce che ipocriti e ribelli: che funesta alternativa\u201d.<\/em><\/strong><\/p>\n<p>Non c\u2019\u00e8 nulla di pi\u00f9 libero dell\u2019amore e del credere. Questi sentimenti non si possono regimentare. E\u2019 pi\u00f9 facile costringere il mare<\/p>\n<p>\u201c<strong><em>Non c\u2019\u00e8 nessun vantaggio nel perseguire coloro che non la pensano come noi e nel farci odiare da loro\u201d. <\/em><\/strong><strong>\u00a0<\/strong><\/p>\n<p>L\u2019immoralit\u00e0 dell\u2019ipocrisia sta nell\u2019essere indifferente a qualsiasi abiezione, negandola o nascondendola, facendosi complice. Perci\u00f2 \u00e8 immorale.<\/p>\n<p>\u201c<strong><em>L\u2019ipocrisia e una buona cosa, \u00e8 l\u2019omaggio che il vizio rende alla virt\u00f9\u201d. <\/em><\/strong><strong>\u00a0<\/strong><\/p>\n<p>Perch\u00e9 gli uomini dimenticano che sono fratelli?<\/p>\n<p>\u201c<strong><em>Non \u00e8 agli uomini che mi rivolgo, ma a te, Dio di tutti gli esseri, di tutti i mondi, di tutti i tempi: Tu non ci hai dato un cuore per odiarci l\u2019un l\u2019altro, delle mani per sgozzarci a vicenda; fa che noi ci aiutiamo vicendevolmente a sopportare il fardello di una vita penosa e passeggera\u201d. <\/em><\/strong><strong>\u00a0<\/strong><\/p>\n<p>Il senso di responsabilit\u00e0 individuale aiuta lo sviluppo di una societ\u00e0 giusta e civile.<\/p>\n<p><strong><em>\u201cSe un innocente \u00e8 consegnato nelle mani dell\u2019errore, della passione o del fanatismo; se l\u2019accusato ha come unica difesa la sua virt\u00f9; se quelli che decidono della sua vita, non rischiano che di sbagliarsi; se questi possono con una sentenza uccidere impunemente, ecco che ciascuno teme per se stesso, nessuno \u00e8 sicuro della propria incolumit\u00e0 davanti a quel tribunale che dovrebbe avere il compito di proteggere la vita dei cittadini\u201d.<\/em><\/strong><\/p>\n<p>Fu la religione di Mos\u00e8 a dire: Non avrai alcun dio al di fuori di me.<\/p>\n<p>\u201c<strong><em>Appena apparvero i cristiani, essi furono perseguitati da quegli stessi Romani che non perseguitavano nessuno\u201d.<\/em><\/strong><\/p>\n<p>Non si capisce perch\u00e9 non si richiede il riconoscimento reciproco dei sentimenti religiosi.<\/p>\n<p>\u201c<strong><em>Saremo sempre gli ultimi ad abbracciare le opinioni giuste degli altri popoli? Questi si sono corretti; noi, quando ci correggiamo? <\/em><\/strong><strong>\u201d <\/strong><\/p>\n<p>Se la coerenza di comportamento oltre quella delle idee avesse lo spazio che merita, molti orrori d\u2019incoerenza verrebbero meno.<\/p>\n<p>\u201c<strong><em>Con quale faccia possiamo rimproverare ai pagani di aver fatto dei martiri, quando noi ci siamo resi colpevoli della stessa crudelt\u00e0 nelle stesse circostanze?\u201d <\/em><\/strong><strong>\u00a0<\/strong><\/p>\n<p>Quando l\u2019utilit\u00e0 e la convenienza compromettono i nostri principi si verifica una caduta d\u2019impegno morale.<\/p>\n<p>\u201c<strong><em>Quando le nostre azioni smentiscono la nostra morale \u00e8 perch\u00e9 crediamo che ci sia per noi qualche vantaggio nel fare il contrario di ci\u00f2 che insegnammo\u201d. <\/em><\/strong><strong>\u00a0<\/strong><\/p>\n<p><strong>\u00a0<\/strong><strong>\u00a0<\/strong><\/p>\n<p>Carmelo Celona<\/p>\n<p>28\/05\/2013<\/p>\n<p>&nbsp;<\/p>\n<p>Lacerti tratti da:<\/p>\n<p>\u201c<em>Trattato sulla tolleranza<\/em>\u201d &#8211; 1763<\/p>\n<p>Voltaire <em>pseudonimo di <\/em>\u00a0Francois Marie Arouet<\/p>\n<p>&nbsp;<\/p>\n<p><img loading=\"lazy\" decoding=\"async\" class=\"alignnone size-medium wp-image-3604\" src=\"http:\/\/www.carmelocelona.com\/wp-content\/uploads\/2024\/01\/voltairepic-193x300.webp\" alt=\"\" width=\"193\" height=\"300\" srcset=\"http:\/\/www.carmelocelona.com\/wp-content\/uploads\/2024\/01\/voltairepic-193x300.webp 193w, http:\/\/www.carmelocelona.com\/wp-content\/uploads\/2024\/01\/voltairepic-480x746.webp 480w, http:\/\/www.carmelocelona.com\/wp-content\/uploads\/2024\/01\/voltairepic.webp 600w\" sizes=\"(max-width: 193px) 100vw, 193px\" \/><\/p>\n<p>&nbsp;<\/p>\n<p>&nbsp;<\/p>\n","protected":false},"excerpt":{"rendered":"<p>Usare rispetto agli usi dei nostri ospiti, anche se non si condividono, \u00e8 un dovere che chiunque dovremmo sentire sacro. Perch\u00e9 \u00e8 il vero modo di usare rispetto agli ospiti<\/p>\n","protected":false},"author":1,"featured_media":3606,"comment_status":"open","ping_status":"open","sticky":false,"template":"","format":"standard","meta":{"footnotes":""},"categories":[10],"tags":[36,37],"_links":{"self":[{"href":"http:\/\/www.carmelocelona.com\/index.php\/wp-json\/wp\/v2\/posts\/3603"}],"collection":[{"href":"http:\/\/www.carmelocelona.com\/index.php\/wp-json\/wp\/v2\/posts"}],"about":[{"href":"http:\/\/www.carmelocelona.com\/index.php\/wp-json\/wp\/v2\/types\/post"}],"author":[{"embeddable":true,"href":"http:\/\/www.carmelocelona.com\/index.php\/wp-json\/wp\/v2\/users\/1"}],"replies":[{"embeddable":true,"href":"http:\/\/www.carmelocelona.com\/index.php\/wp-json\/wp\/v2\/comments?post=3603"}],"version-history":[{"count":1,"href":"http:\/\/www.carmelocelona.com\/index.php\/wp-json\/wp\/v2\/posts\/3603\/revisions"}],"predecessor-version":[{"id":3607,"href":"http:\/\/www.carmelocelona.com\/index.php\/wp-json\/wp\/v2\/posts\/3603\/revisions\/3607"}],"wp:featuredmedia":[{"embeddable":true,"href":"http:\/\/www.carmelocelona.com\/index.php\/wp-json\/wp\/v2\/media\/3606"}],"wp:attachment":[{"href":"http:\/\/www.carmelocelona.com\/index.php\/wp-json\/wp\/v2\/media?parent=3603"}],"wp:term":[{"taxonomy":"category","embeddable":true,"href":"http:\/\/www.carmelocelona.com\/index.php\/wp-json\/wp\/v2\/categories?post=3603"},{"taxonomy":"post_tag","embeddable":true,"href":"http:\/\/www.carmelocelona.com\/index.php\/wp-json\/wp\/v2\/tags?post=3603"}],"curies":[{"name":"wp","href":"https:\/\/api.w.org\/{rel}","templated":true}]}}