{"id":3544,"date":"2020-05-24T18:53:19","date_gmt":"2020-05-24T16:53:19","guid":{"rendered":"https:\/\/www.carmelocelona.com\/?p=3544"},"modified":"2025-07-20T12:04:30","modified_gmt":"2025-07-20T10:04:30","slug":"stretto-di-messina-cera-una-volta-il-panorama","status":"publish","type":"post","link":"http:\/\/www.carmelocelona.com\/index.php\/2020\/05\/24\/stretto-di-messina-cera-una-volta-il-panorama\/","title":{"rendered":"Stretto di Messina, c&#8217;era una volta il panorama"},"content":{"rendered":"<p>Lo Stretto visto dai punti pi\u00f9 panoramici della citt\u00e0 \u00e8 una visione magica, disturbata da masse architettoniche che con il loro atteggiamento inconsulto ne disturbano l\u2019incanto.<\/p>\n<p>In alcune prospettive questo magma architettonico distrae fortemente l\u2019attenzione e non permette la messa a fuoco del prodigioso scenario, come un tafano che ci disturba impedendoci la contemplazione della bellezza della natura.<\/p>\n<p>Quel groviglio squilibrato di volumi, che si affastellano arrampicandosi l\u2019uno sull\u2019altro per guadagnar meglio il panorama, produce un vero e proprio disturbo biologico che turba la psiche e altera la percezione. Come quando attorno a noi tutto \u00e8 sereno ed armonico ma noi non riusciamo a goderne perch\u00e9 colti da un malessere interiore che compromette il nostro equilibrio biologico.<\/p>\n<p>Il profilo terracqueo dello Stretto da certi punti di vista \u00e8 fortemente contrastato da forme che si soprappongono d\u2019imperio e quasi lo deturpano. E\u2019 la forma della citt\u00e0 che si \u00e8 espansa sulle colline della riviera nord e con la sua massa architettonica improbabile molesta il profilo netto e naturale dello <em>Scill\u2019\u00e8 Cariddi.<\/em> \u00a0Una grande contaminazione che ha anche un pernicioso risvolto culturale.<\/p>\n<p>Si tratta, anche, della violazione di un mito, della profanazione di una percezione archetipica.<\/p>\n<p>Lo Stretto \u00e8 uno dei tanti scenari di grande valore ecologico e culturale la cui incommensurabile bellezza l\u2019uomo viola da quando la meccanizzazione l\u2019ho ha reso pi\u00f9 aggressivo nei confronti dell\u2019ambiente naturale, permettendogli di arrampicarsi ovunque e rendendolo l\u2019unico essere vivente capace di intervenire drasticamente sulla natura ed alterarne gli equilibri e l\u2019armonia.<\/p>\n<p>La sua intelligenza quando non \u00e8 sorretta da una solida struttura etica e morale diventa strumento di rapina. Ci\u00f2 spiega perch\u00e8, molto spesso, egli provoca al paesaggio e alla natura irreversibili sottrazioni.<\/p>\n<p>Cos\u00ec anche la visione del panorama dello Stretto, uno degli scenari naturali pi\u00f9 belli al mondo, \u00e8 irreversibilmente contaminata.<\/p>\n<p>Bisognerebbe imporre un canone imprescindibile, una legge ferrea, che preveda che tutte le attivit\u00e0 antropiche: tutti i suoi manufatti che l\u2019uomo produce dovrebbero essere all\u2019altezza della bellezza naturale con la quale questi si relazionano. Una lezione in tal senso c\u2019\u00e8 la data <em>Frank Lloyd Wright<\/em> con la sua <em>Casa Casa Kaufmann<\/em>, sulla cascata del ruscello di Bear Run.<\/p>\n<p>Oggi il profilo della citt\u00e0 che si specchia sul mare disturba persino l\u2019incantesimo di quella citt\u00e0 fantastica che si specchia sull\u2019acqua ed in certe condizioni atmosferiche genera la magia del mito nordico della Fata Morgana.<\/p>\n<p>La purezza della forma dello Stretto \u00e8 marginato da una massa che corrompe la sua perfezione naturale. Una massa architettonica che non ha tentato un minimo di dialogo con il paesaggio in cui si impone. Palazzi che hanno un rapporto drammaticamente ultroneo con quel fantastico contesto. Organismi che, se ben organizzati, qualificherebbero senz\u2019altro una brulla pianura e potrebbero essere elemento di carattere accettabile in una moderna periferia omologata, ma non il complemento di un luogo naturale di cos\u00ec straordinaria bellezza.<\/p>\n<p>Pier Paolo Pasolini sosteneva che: \u201c<em>la forma della citt\u00e0 si manifesta, si rileva, se confrontata con un fondale naturale<\/em>\u201d.<\/p>\n<p>Lo Stretto \u00e8 un grande fondale naturale che denuncia esso stesso, in modo implacabile, quanta disarmonia l\u2019uomo ha creato a queste latitudini con i suoi recenti paradigmi urbanistici.<\/p>\n<p>Il grande poeta continuava affermando che: \u201c<em>La forma della citt\u00e0 e il problema della salvezza della natura sono un problema unico, ma sempre si pone il problema di rispettare il confine tra il profilo della citt\u00e0 e natura circostante<\/em>\u201d.<\/p>\n<p>Forse i poeti dovrebbero cominciare a dare il loro contributo all\u2019urbanistica o l\u2019urbanistica dovrebbe ascoltare di pi\u00f9 i poeti.<\/p>\n<p>&nbsp;<\/p>\n<p>Carmelo Celona<\/p>\n<p>24.05.2020<\/p>\n<p>&nbsp;<\/p>\n","protected":false},"excerpt":{"rendered":"<p>Lo Stretto visto dai punti pi\u00f9 panoramici della citt\u00e0 \u00e8 una visione magica, disturbata da masse architettoniche che con il loro atteggiamento inconsulto ne disturbano l\u2019incanto. In alcune prospettive questo<\/p>\n","protected":false},"author":1,"featured_media":3546,"comment_status":"open","ping_status":"open","sticky":false,"template":"","format":"standard","meta":{"footnotes":""},"categories":[9],"tags":[23,24,22],"_links":{"self":[{"href":"http:\/\/www.carmelocelona.com\/index.php\/wp-json\/wp\/v2\/posts\/3544"}],"collection":[{"href":"http:\/\/www.carmelocelona.com\/index.php\/wp-json\/wp\/v2\/posts"}],"about":[{"href":"http:\/\/www.carmelocelona.com\/index.php\/wp-json\/wp\/v2\/types\/post"}],"author":[{"embeddable":true,"href":"http:\/\/www.carmelocelona.com\/index.php\/wp-json\/wp\/v2\/users\/1"}],"replies":[{"embeddable":true,"href":"http:\/\/www.carmelocelona.com\/index.php\/wp-json\/wp\/v2\/comments?post=3544"}],"version-history":[{"count":2,"href":"http:\/\/www.carmelocelona.com\/index.php\/wp-json\/wp\/v2\/posts\/3544\/revisions"}],"predecessor-version":[{"id":4524,"href":"http:\/\/www.carmelocelona.com\/index.php\/wp-json\/wp\/v2\/posts\/3544\/revisions\/4524"}],"wp:featuredmedia":[{"embeddable":true,"href":"http:\/\/www.carmelocelona.com\/index.php\/wp-json\/wp\/v2\/media\/3546"}],"wp:attachment":[{"href":"http:\/\/www.carmelocelona.com\/index.php\/wp-json\/wp\/v2\/media?parent=3544"}],"wp:term":[{"taxonomy":"category","embeddable":true,"href":"http:\/\/www.carmelocelona.com\/index.php\/wp-json\/wp\/v2\/categories?post=3544"},{"taxonomy":"post_tag","embeddable":true,"href":"http:\/\/www.carmelocelona.com\/index.php\/wp-json\/wp\/v2\/tags?post=3544"}],"curies":[{"name":"wp","href":"https:\/\/api.w.org\/{rel}","templated":true}]}}