{"id":3515,"date":"2020-05-17T18:39:39","date_gmt":"2020-05-17T16:39:39","guid":{"rendered":"https:\/\/www.carmelocelona.com\/?p=3515"},"modified":"2025-07-20T12:05:35","modified_gmt":"2025-07-20T10:05:35","slug":"casa-e-verde-pubblico-i-diritti-negati","status":"publish","type":"post","link":"http:\/\/www.carmelocelona.com\/index.php\/2020\/05\/17\/casa-e-verde-pubblico-i-diritti-negati\/","title":{"rendered":"Casa e verde pubblico, i diritti negati"},"content":{"rendered":"<p>La ricostruzione della citt\u00e0 di Messina dopo il terremoto del 1908 sarebbe potuto essere il laboratorio ideale per applicare i principi dell\u2019urbanistica moderna, divenendo vero paradigma della \u201cmodernit\u00e0\u201d urbana, essendo raro caso di citt\u00e0 ricostruita da zero.<\/p>\n<p>Ma il tema del verde pubblico, come il tema del diritto alla casa, sono stati i grandi esclusi dalla progettazione urbana post sisma. Luigi Borzi ha progettato a verde pubblico solo 1,2 % della superficie dell\u2019intero organismo urbano (71.300 mq su una superficie urbana di 5.500.000 mq), proprio nel contesto storico in cui erano \u201cdi moda\u201d ovunque in Europa e in Italia le teorie di Ebenezer Howard sulle \u201cCitt\u00e0 Giardino\u201d del 1898 o l\u2019applicazione del rapporto costruito\/verde di \u00a0\u00bc dettato da Arturo Soria y Mata teorico \u00a0della \u201cCitt\u00e0 Lineare\u201d (rapporto che adotta nel PRG di Roma, quello voluto da sindaco Nathan, nel 1909, Edmondo Sant Just de Teulada, colui che sovrintese al piano di ricostruzione di Messina), etc.<\/p>\n<p>Nonostante ci\u00f2 della citt\u00e0 ricostruita permane la convinzione di \u201cMessina Citt\u00e0 Giardino\u201d e non di una citt\u00e0 con due piccoli giardini e qualche aiuola alberata negli spazi pubblici con alberature lungo le strade, standard minimi di funzionalit\u00e0 urbana.<\/p>\n<p>Il grande <em>Eduardo<\/em> intervistato durante il funerale di Pier Paolo Pasolini fece un poetico encomio, e poi pretese di precisare che le sue parole non erano parole di circostanza, perch\u00e9: \u201c<em>io so distinguere uomini da uomini, cos\u00ec come so distinguere morti da morti<\/em>\u201d.<\/p>\n<p>Una grande esortazione morale a saper distingue sempre, a comparare, ad individuare i valori assoluti dai valori relativi nelle cose e negli uomini. Una grande lezione che ci spiega come non dobbiamo attenerci a valutazioni de relato, evitando di prendere per buono ci\u00f2 che ci viene detto, anche quando il vero contrario \u00e8 lampante. Il grande drammaturgo ci esorta a non prendere mai in prestito opinioni senza verificarle, perch\u00e9 queste si amplificano e diventano presto verit\u00e0 perniciose che generano autoreferenzialit\u00e0 e ci fanno credere di avere ci\u00f2 che non abbiamo, diventando fanatici difensori dei nostri disagi, di cui ne facciamo vanto, ergendoci a patetici paladini dei nostri carnefici.<\/p>\n<p>Il <em>Diritto Urbano, \u00e8<\/em>: \u201cIl riconoscimento pubblico ad una vita urbana decente ad una socialit\u00e0 condivisa\u201d, che non ha niente a che vedere con le leggi in materia urbanistica edilizia, paesaggistico ambientale o di salvaguardia del patrimonio culturale.<\/p>\n<p>La \u201ccitt\u00e0 moderna\u201d rispetto alla \u201ccitt\u00e0 antica\u201d si caratterizza per tre nuovi elementi mai concepiti all\u2019interno delle citt\u00e0: l\u2019edilizia per le classi lavoratrici (le case popolari), l\u2019igiene urbana (salute pubblica), e il verde pubblico (parchi e giardini pubblici).<\/p>\n<p>Questi elementi sono espressione della nuova concezione sociale della \u201cmodernit\u00e0\u201d. Sono il riconoscimento di nuovi diritti inalienabili per tutti: diritti alla casa, diritto alla salute e diritto alla qualit\u00e0 della vita urbana, tutti elementi che sono la matrice della nuova concezione urbana che ha prodotto tra la fine dell\u2019800 e gli inizi del \u2018900 quella alta qualit\u00e0 urbana, sociale e civile che caratterizza tutte le \u201ccitt\u00e0 moderne\u201d a partire dalle grandi capitali europee, come Londra, Parigi, Barcellona, Vienna, Amsterdam, Roma, Firenze, etc. \u00a0Citt\u00e0 dove sono stati realizzati quartieri per le classi lavoratrici immersi nel verde pubblico e privato e dove la quantit\u00e0 del verde pubblico espresso in giardini e parchi, si misura sempre oltre il 25 % dell\u2019intera superficie del tessuto urbano. Dato che aumenta notevolmente nelle piccole citt\u00e0.<\/p>\n<p>Riporto un fatto notorio agli studiosi del tema in trattazione che riferito alla citt\u00e0 di Messina lascia non poco amaro in bocca. Alessandro Schiavi, Il padre delle citt\u00e0 giardino italiane, nel gennaio 1909, a pochi giorni dalla tragedia messinese, sulla rivista \u201cLe case popolari e le citt\u00e0 giardino \u201c, la \u00a0n. 1\u00a0 anno 1909, pubblic\u00f2 un articolo epocale divenuto da subito il riferimento morale, oltre che tecnico, di tutti i pianificatori delle citt\u00e0 italiane dell\u2019epoca: \u201c<em>Come si costruiscono le nuove citt\u00e0 italiane<\/em>\u201d.<\/p>\n<p>Nell\u2019articolo Schiavi illustrava le esperienze dei villaggi a giardino in Inghilterra e in Germania, <em>\u201c<strong>dove il verde, la luce, la gioia di vivere vi sono a profusione e la mortalit\u00e0 vi \u00e8 minima\u201d.<\/strong><\/em><\/p>\n<p>Segnalava tutti gli standard e le misure consigliate per costruire citt\u00e0 immerse nel verde. Rifacendosi anche al trattato su <em>\u00a0\u201cla Citt\u00e0 Moderna\u201d del 1889, \u00a0di Camillo Sitte, <\/em>trattato destinato ad influenzare tutta l\u2019urbanistica del XX secolo.<\/p>\n<p><em>\u201cSi devono realizzare zone verdi pubbliche, con bei giardini pubblici per la migliore riuscita di un quartiere urbano. La distribuzione del verde, dimostra che la costruzione e la sistemazione delle citt\u00e0 non \u00e8 affatto un lavoro puramente meccanico e amministrativo, ma \u00e8 in realt\u00e0 un&#8217;opera d&#8217;arte ricca di significato e di spiritualit\u00e0.\u201d<\/em><\/p>\n<p>Infine in famoso articolo di Schiavi cos\u00ec concludeva:<\/p>\n<p><em>\u00a0\u201cUn assessore e un ufficio tecnico che a questi criteri si informino potranno costruire nei nuovi quartieri tante cittadine con caratteri architettonici di bellezza svariati e sommamente gradevoli allo spirito e benefici al corpo dei futuri abitanti\u2026\u201d .<\/em><\/p>\n<p>Tre mesi dopo la Giunta Comunale, era il 29 aprile 1909, dava incarico a Luigi Borz\u00ec, di redigere il Piano Regolatore per la ricostruzione della citt\u00e0 di Messina.<\/p>\n<p>Oggi retrospettivamente possiamo dire che la citt\u00e0 concepita dal Borz\u00ec soffre ancora la piaga del mancato diritto alla casa e il tema del verde, d\u2019allora, non \u00e8 stato molto declinato.<\/p>\n<p>&nbsp;<\/p>\n<p>Carmelo Celona<\/p>\n<p>17.05.2020<\/p>\n<p><em>\u00a0<\/em><\/p>\n","protected":false},"excerpt":{"rendered":"<p>La ricostruzione della citt\u00e0 di Messina dopo il terremoto del 1908 sarebbe potuto essere il laboratorio ideale per applicare i principi dell\u2019urbanistica moderna, divenendo vero paradigma della \u201cmodernit\u00e0\u201d urbana, essendo<\/p>\n","protected":false},"author":1,"featured_media":3516,"comment_status":"open","ping_status":"open","sticky":false,"template":"","format":"standard","meta":{"footnotes":""},"categories":[9],"tags":[20,19,21],"_links":{"self":[{"href":"http:\/\/www.carmelocelona.com\/index.php\/wp-json\/wp\/v2\/posts\/3515"}],"collection":[{"href":"http:\/\/www.carmelocelona.com\/index.php\/wp-json\/wp\/v2\/posts"}],"about":[{"href":"http:\/\/www.carmelocelona.com\/index.php\/wp-json\/wp\/v2\/types\/post"}],"author":[{"embeddable":true,"href":"http:\/\/www.carmelocelona.com\/index.php\/wp-json\/wp\/v2\/users\/1"}],"replies":[{"embeddable":true,"href":"http:\/\/www.carmelocelona.com\/index.php\/wp-json\/wp\/v2\/comments?post=3515"}],"version-history":[{"count":4,"href":"http:\/\/www.carmelocelona.com\/index.php\/wp-json\/wp\/v2\/posts\/3515\/revisions"}],"predecessor-version":[{"id":4525,"href":"http:\/\/www.carmelocelona.com\/index.php\/wp-json\/wp\/v2\/posts\/3515\/revisions\/4525"}],"wp:featuredmedia":[{"embeddable":true,"href":"http:\/\/www.carmelocelona.com\/index.php\/wp-json\/wp\/v2\/media\/3516"}],"wp:attachment":[{"href":"http:\/\/www.carmelocelona.com\/index.php\/wp-json\/wp\/v2\/media?parent=3515"}],"wp:term":[{"taxonomy":"category","embeddable":true,"href":"http:\/\/www.carmelocelona.com\/index.php\/wp-json\/wp\/v2\/categories?post=3515"},{"taxonomy":"post_tag","embeddable":true,"href":"http:\/\/www.carmelocelona.com\/index.php\/wp-json\/wp\/v2\/tags?post=3515"}],"curies":[{"name":"wp","href":"https:\/\/api.w.org\/{rel}","templated":true}]}}