{"id":3330,"date":"2013-03-09T12:15:00","date_gmt":"2013-03-09T11:15:00","guid":{"rendered":"https:\/\/www.carmelocelona.com\/?p=3330"},"modified":"2023-12-31T12:18:58","modified_gmt":"2023-12-31T11:18:58","slug":"li-simpara-tutto","status":"publish","type":"post","link":"http:\/\/www.carmelocelona.com\/index.php\/2013\/03\/09\/li-simpara-tutto\/","title":{"rendered":"L\u00ec s\u2019impara tutto"},"content":{"rendered":"<p>Chi cresce per strada non sar\u00e0 mai sleale. Conosce il sapore amaro della violenza e del rischio ed impara la dignit\u00e0 e a rispettare il coraggio.<\/p>\n<p>\u201c<strong><em>Io mi sono basato su quella filosofia semplice che ho imparato per strada, l\u00ec si impara tutto; bisogna vivere, costi quel che costi, vivere, e in cambio bisogna lasciar vivere<\/em><\/strong><em>\u201d.<\/em><\/p>\n<p>Tra i bimbi che vivono liberi giocando per strada e quelli che stanno davanti al computer vi \u00e8, ormai, un\u2019evidente differenza antropologica che rende simpatici i primi e preoccupa per i secondi.<\/p>\n<p>\u201c<strong><em>Eravamo pi\u00f9 di venti in classe, ma i presenti non erano mai pi\u00f9 di dodici o quattordici; gli alunni migliori, seri e ben vestiti, e noi, quelli che riempivano i registri di note ma giocavano bene a pallone<\/em><\/strong><strong>\u201d.<\/strong><\/p>\n<p>Non sempre il tempo svela la verit\u00e0, a volte la nasconde.<\/p>\n<p>\u201c<strong><em>In certe situazioni l\u2019evidenza conta pi\u00f9 della verit\u00e0. Non puoi spiegare come \u00e8 andata veramente. Perch\u00e9 se ci provi sembri un cretino due volte. La verit\u00e0 bisogna coglierla in flagranza<\/em><\/strong><strong>\u201d. <\/strong><\/p>\n<p>Chi ha molte rughe in faccia ha anche un futuro alle spalle.<\/p>\n<p>\u201c<strong><em>La decadenza e le rughe la condussero nel nostro paese e segretamente sapeva che la sua terra ormai era lontana come la sua giovent\u00f9<\/em><\/strong><strong>\u201d. <\/strong><\/p>\n<p>La specializzazione cristallizza il punto di vista sul mondo.<\/p>\n<p>\u201c<strong><em>Mi rendevo conto di come la porta risultasse diversa se uno \u00e8 attaccante o difensore. Anche se si aspetta il pallone nello stesso posto il punto di vista \u00e8 diverso. Quando un difensore passa all\u2019attacco \u00e8 segretamente intimorito, pensa di aver lasciato la difesa indebolita\u201d. <\/em><\/strong><\/p>\n<p>Non basta dire ci\u00f2 che si pensa, bisogna far ci\u00f2 che si dice.<\/p>\n<p>\u201c<strong><em>La sincerit\u00e0 \u00e8 un incidente e non \u00e8 nemmeno che faccia cos\u00ec bene, come comunemente si pensa. Parlare non risolve i problemi, semmai gli da una lisciatina. Non si pu\u00f2 fare affidamento sulle parole\u201d. <\/em><\/strong><strong>\u00a0<\/strong><\/p>\n<p>Spesso sono i nostri errori che esaltano indebitamente le prestazioni altrui.<\/p>\n<p>\u201c<strong><em>Il rigore si batte forte, basso e di lato. Avete capito? Forte basso e di lato, e cos\u00ec si segna. Se non si rispetta uno dei tre requisiti, c\u2019\u00e8 il pericolo di trasformare il portiere in un eroe<\/em><\/strong><strong>\u201d. <\/strong><\/p>\n<p>La furbizia porta l\u2019incivilt\u00e0 e l\u2019incultura come il vento la polvere.<\/p>\n<p>\u201c<strong><em>Adesso, a vedere il paese che abbiamo creato, penso che non siamo intelligenti, ma siamo furbi, che \u00e8 un\u2019alatra cosa. Tra i furbi ci sono molti cretini\u201d. <\/em><\/strong><strong>\u00a0<\/strong><\/p>\n<p>Ovunque, chi veste da parata esprime un\u2019estetica ricorrente, inevitabilmente figlia del becero universale militarismo.<\/p>\n<p>\u201c<strong><em>Tutti i militari, di destra o di sinistra, del primo mondo o del terzo, salutano allo stesso modo, gridano allo stesso modo, gridano allo stesso modo, si generano tesi allo stesso modo e dicono le stesse stupidate prima di entrare in argomento\u201d. <\/em><\/strong><strong>\u00a0<\/strong><\/p>\n<p>L\u2019atleta agonista spesso e persona leale e corretta, perch\u00e9 impara dall\u2019agone che non si umilia l\u2019avversario. Impara che la sconfitta va rispettata e l\u2019avversario sconfitto \u00e8 sacro. Egli sa che vincitore e vinto sono l\u2019uno lo specchio dell\u2019altro, facce della stessa medaglia.<\/p>\n<p>\u201c<strong><em>Davano e ricevevano colpi con tale lealt\u00e0 e con tale entusiasmo che dovevano appoggiarsi gli uni agli altri per uscire dal campo mentre la gente li applaudiva<\/em><\/strong><strong>\u201d. <\/strong><\/p>\n<p>Il valore di un uomo si misura da quel che fa e che sa fare non dal quel che dice.<\/p>\n<p>\u201c<strong><em>A me piace vivere nella legge. Io non credo a quelli che gridano per strada viva questo o viva quello. Il modo migliore per rinvigorire qualcosa i qualcuno \u00e8 far le cose per bene\u201d. <\/em><\/strong><strong>\u00a0<\/strong><\/p>\n<p>-Solo l\u2019intellettuale pu\u00f2 governare processi con la giusta relativizzazione, ai tecnici specialisti della materia questo viene molto difficile, perch\u00e9 molto coinvolti dalla loro specializzazione.<\/p>\n<p>\u201c<strong><em>Mio padre detestava il calcio e tutte le manifestazioni popolari. Perci\u00f2 quel pomeriggio aveva deciso di fare l\u2019arbitro. L\u2019affascinava comandar su ci\u00f2 che non capiva\u201d. <\/em><\/strong><strong>\u00a0<\/strong><\/p>\n<p>Si vince perch\u00e8 si fa un gol in pi\u00f9 dell\u2019avversario non vi sono altre ragioni.<\/p>\n<p>\u201c<strong><em>Nel calcio vince chi sbaglia meno<\/em><\/strong><strong>\u201d. <\/strong><\/p>\n<p>&nbsp;<\/p>\n<p>Carmelo Celona<\/p>\n<p>09\/03\/2013<\/p>\n<p>&nbsp;<\/p>\n<p>Lacerti tratti da:<\/p>\n<p>\u201c<em>Futbol<\/em>\u201d &#8211; 1983<\/p>\n<p>Osvaldo Soriano<\/p>\n<p><img loading=\"lazy\" decoding=\"async\" class=\"size-medium wp-image-3331\" src=\"http:\/\/www.carmelocelona.com\/wp-content\/uploads\/2023\/12\/osvaldo-soriano1-300x207.jpg\" alt=\"osvaldo-soriano\" width=\"300\" height=\"207\" srcset=\"http:\/\/www.carmelocelona.com\/wp-content\/uploads\/2023\/12\/osvaldo-soriano1-300x207.jpg 300w, http:\/\/www.carmelocelona.com\/wp-content\/uploads\/2023\/12\/osvaldo-soriano1-1024x708.jpg 1024w, http:\/\/www.carmelocelona.com\/wp-content\/uploads\/2023\/12\/osvaldo-soriano1-768x531.jpg 768w, http:\/\/www.carmelocelona.com\/wp-content\/uploads\/2023\/12\/osvaldo-soriano1-480x332.jpg 480w, http:\/\/www.carmelocelona.com\/wp-content\/uploads\/2023\/12\/osvaldo-soriano1.jpg 1170w\" sizes=\"(max-width: 300px) 100vw, 300px\" \/><\/p>\n<p>&nbsp;<\/p>\n","protected":false},"excerpt":{"rendered":"<p>Chi cresce per strada non sar\u00e0 mai sleale. Conosce il sapore amaro della violenza e del rischio ed impara la dignit\u00e0 e a rispettare il coraggio. \u201cIo mi sono basato<\/p>\n","protected":false},"author":1,"featured_media":3333,"comment_status":"open","ping_status":"open","sticky":false,"template":"","format":"standard","meta":{"footnotes":""},"categories":[10],"tags":[],"_links":{"self":[{"href":"http:\/\/www.carmelocelona.com\/index.php\/wp-json\/wp\/v2\/posts\/3330"}],"collection":[{"href":"http:\/\/www.carmelocelona.com\/index.php\/wp-json\/wp\/v2\/posts"}],"about":[{"href":"http:\/\/www.carmelocelona.com\/index.php\/wp-json\/wp\/v2\/types\/post"}],"author":[{"embeddable":true,"href":"http:\/\/www.carmelocelona.com\/index.php\/wp-json\/wp\/v2\/users\/1"}],"replies":[{"embeddable":true,"href":"http:\/\/www.carmelocelona.com\/index.php\/wp-json\/wp\/v2\/comments?post=3330"}],"version-history":[{"count":2,"href":"http:\/\/www.carmelocelona.com\/index.php\/wp-json\/wp\/v2\/posts\/3330\/revisions"}],"predecessor-version":[{"id":3335,"href":"http:\/\/www.carmelocelona.com\/index.php\/wp-json\/wp\/v2\/posts\/3330\/revisions\/3335"}],"wp:featuredmedia":[{"embeddable":true,"href":"http:\/\/www.carmelocelona.com\/index.php\/wp-json\/wp\/v2\/media\/3333"}],"wp:attachment":[{"href":"http:\/\/www.carmelocelona.com\/index.php\/wp-json\/wp\/v2\/media?parent=3330"}],"wp:term":[{"taxonomy":"category","embeddable":true,"href":"http:\/\/www.carmelocelona.com\/index.php\/wp-json\/wp\/v2\/categories?post=3330"},{"taxonomy":"post_tag","embeddable":true,"href":"http:\/\/www.carmelocelona.com\/index.php\/wp-json\/wp\/v2\/tags?post=3330"}],"curies":[{"name":"wp","href":"https:\/\/api.w.org\/{rel}","templated":true}]}}