{"id":3260,"date":"2013-02-20T18:12:38","date_gmt":"2013-02-20T17:12:38","guid":{"rendered":"https:\/\/www.carmelocelona.com\/?p=3260"},"modified":"2023-12-30T18:13:35","modified_gmt":"2023-12-30T17:13:35","slug":"ancora-qualche-giorno","status":"publish","type":"post","link":"http:\/\/www.carmelocelona.com\/index.php\/2013\/02\/20\/ancora-qualche-giorno\/","title":{"rendered":"Ancora qualche giorno"},"content":{"rendered":"<p>Forse l\u2019unico modo per esorcizzare la morte e dargli del Tu.<\/p>\n<p>\u201c<strong><em>Se ritorna il colera, non mi muovo proprio, lo guardo negli occhi e gli dico: entra, accomodati, se vuoi una birra apri il frigo, sto leggendo Bukowski, per favore, non rompere le palle\u2026 Anzi se vuoi renderti utile f\u00e0 un caff\u00e8, ma lavati prima le mani<\/em><\/strong><em>\u201d.<\/em><\/p>\n<p>La bellezza quando cade in certi squallori esistenziali acquista un fascino languido che intenerisce.<\/p>\n<p>\u201c<strong><em>Si chiamava Rosaria, non sapeva se si prostituisse per \u201cfarsi\u201d o se si facesse perch\u00e9 si prostituiva. Aveva due occhi meravigliosi, azzurro mare<\/em><\/strong><strong>\u201d.<\/strong><\/p>\n<p>L\u2019indifferenza verso lo sfruttamento del lavoro minorile \u00e8 la prova che siamo una civilt\u00e0 ipocrita che concepisce l\u2019aiuto al prossimo solo per avere visibilit\u00e0.<\/p>\n<p>\u201c<strong><em>Gennarino aveva 12 anni. Lavorava gi\u00e0 da due anni, orario nonstop dalle otto di mattina alle sei di sera. Estate ed inverno. \u201cImpiegato\u201d al semaforo. Lavatore di vetri<\/em><\/strong><strong>\u201d. <\/strong><\/p>\n<p>Quella dolcezza stucchevole e collosa dei giardini consacrati al pianto dei nostri defunti.<\/p>\n<p>\u201c<strong><em>Di fronte alla birreria c\u2019era il cimitero. Certe mattine il cimitero aveva un sapore strano intorno, dolciastro, mieloso sapore di luppolo, sapore di morte, sapore di luppolo e morte, odore di garofani e ghirlande, odore di lacrime e di convenevoli, di \u201cCiao come stai?\u201d, di \u201cCom\u2019\u00e8 morto?\u201d, di \u201cMa come.. all\u2019improvviso?\u201d. <\/em><\/strong><strong>\u00a0<\/strong><\/p>\n<p>Quelle facce che denunziano incisive un\u2019esistenza fatta d\u2019espedienti che aggredisce il nostro senso di colpa, per essercela cavata meglio.<\/p>\n<p>\u201c<strong><em>Quelle facce che da una vita stavano aspettando qualcosa. Quelle facce grigie un po\u2019 verdi, mai rasate, con occhi appannati, mai leali, occhi che non guardavano mai negli occhi, occhi intriganti, furtivi, occhi pericolosi, che ti spogliavano\u201d. <\/em><\/strong><\/p>\n<p>Esiste un\u2019umanit\u00e0 oppressa e umiliata da usurai vestiti da banchieri che vive tenuta in pugno da un sistema che pone il denaro come unico fine e perno centrale della vita collettiva.<\/p>\n<p>\u201c<strong><em>Il sabato e la domenica erano due giorni meravigliosi: perch\u00e9 le banche erano chiuse. E le facce che il luned\u00ec mattina si aggiravano per le banche erano facce che parlavano da sole. Gente che supplicava il direttore di spettare ancora qualche giorno, gente che chiedeva un po\u2019 di credito con un\u2019espressione allucinante, gente che giurava di aspettare un assegno o un vaglia da un giorno all\u2019altro. E questo giorno non arrivava mai\u201d. <\/em><\/strong><strong>\u00a0<\/strong><\/p>\n<p>Chiss\u00e0 quanti Michelangelo ed Einstein l\u2019umanit\u00e0 si \u00e8 persa a causa di certa mediocrit\u00e0 organizzata che con le sue manovre furbesche, pur di prevalere, oscura ogni talento, facendo pagare al progresso un prezzo altissimo.<\/p>\n<p><strong><em>\u201cMaurizio era un musicista senza fortuna, bravo per\u00f2, quindi costretto a rincorrere la vita che correva pi\u00f9 veloce di lui\u201d.<\/em><\/strong><\/p>\n<p>31\/12\/2011<\/p>\n<p>&nbsp;<\/p>\n<p>Lacerti tratti da:<\/p>\n<p>\u201c<em>Una vita postdatata<\/em>\u201d &#8211; 1991<\/p>\n<p><em>\u00a0<\/em>\u00a0Peppe\u00a0 Lanzetta<\/p>\n<p>&nbsp;<\/p>\n<p><img loading=\"lazy\" decoding=\"async\" class=\"alignnone size-medium wp-image-3261\" src=\"http:\/\/www.carmelocelona.com\/wp-content\/uploads\/2023\/12\/lanzetta-peppe1-243x300.jpg\" alt=\"\" width=\"243\" height=\"300\" srcset=\"http:\/\/www.carmelocelona.com\/wp-content\/uploads\/2023\/12\/lanzetta-peppe1-243x300.jpg 243w, http:\/\/www.carmelocelona.com\/wp-content\/uploads\/2023\/12\/lanzetta-peppe1-480x593.jpg 480w, http:\/\/www.carmelocelona.com\/wp-content\/uploads\/2023\/12\/lanzetta-peppe1.jpg 500w\" sizes=\"(max-width: 243px) 100vw, 243px\" \/><\/p>\n","protected":false},"excerpt":{"rendered":"<p>Forse l\u2019unico modo per esorcizzare la morte e dargli del Tu. \u201cSe ritorna il colera, non mi muovo proprio, lo guardo negli occhi e gli dico: entra, accomodati, se vuoi<\/p>\n","protected":false},"author":1,"featured_media":3263,"comment_status":"open","ping_status":"open","sticky":false,"template":"","format":"standard","meta":{"footnotes":""},"categories":[10],"tags":[],"_links":{"self":[{"href":"http:\/\/www.carmelocelona.com\/index.php\/wp-json\/wp\/v2\/posts\/3260"}],"collection":[{"href":"http:\/\/www.carmelocelona.com\/index.php\/wp-json\/wp\/v2\/posts"}],"about":[{"href":"http:\/\/www.carmelocelona.com\/index.php\/wp-json\/wp\/v2\/types\/post"}],"author":[{"embeddable":true,"href":"http:\/\/www.carmelocelona.com\/index.php\/wp-json\/wp\/v2\/users\/1"}],"replies":[{"embeddable":true,"href":"http:\/\/www.carmelocelona.com\/index.php\/wp-json\/wp\/v2\/comments?post=3260"}],"version-history":[{"count":1,"href":"http:\/\/www.carmelocelona.com\/index.php\/wp-json\/wp\/v2\/posts\/3260\/revisions"}],"predecessor-version":[{"id":3264,"href":"http:\/\/www.carmelocelona.com\/index.php\/wp-json\/wp\/v2\/posts\/3260\/revisions\/3264"}],"wp:featuredmedia":[{"embeddable":true,"href":"http:\/\/www.carmelocelona.com\/index.php\/wp-json\/wp\/v2\/media\/3263"}],"wp:attachment":[{"href":"http:\/\/www.carmelocelona.com\/index.php\/wp-json\/wp\/v2\/media?parent=3260"}],"wp:term":[{"taxonomy":"category","embeddable":true,"href":"http:\/\/www.carmelocelona.com\/index.php\/wp-json\/wp\/v2\/categories?post=3260"},{"taxonomy":"post_tag","embeddable":true,"href":"http:\/\/www.carmelocelona.com\/index.php\/wp-json\/wp\/v2\/tags?post=3260"}],"curies":[{"name":"wp","href":"https:\/\/api.w.org\/{rel}","templated":true}]}}