{"id":3089,"date":"2012-12-02T17:08:29","date_gmt":"2012-12-02T16:08:29","guid":{"rendered":"http:\/\/www.carmelocelona.com\/?p=3089"},"modified":"2022-11-17T17:15:24","modified_gmt":"2022-11-17T16:15:24","slug":"non-e-colpa-mia","status":"publish","type":"post","link":"http:\/\/www.carmelocelona.com\/index.php\/2012\/12\/02\/non-e-colpa-mia\/","title":{"rendered":"Non \u00e8 colpa mia"},"content":{"rendered":"<p>La disumanit\u00e0 del capitalismo manipola il senso del dovere dei lavoratori facendoli agire pi\u00f9 negli interessi dei padroni che verso i loro diritti.<\/p>\n<p><strong><em>\u201cOggi la mamma \u00e8 morta. Ho chiesto due giorni di libert\u00e0 al principale e con una scusa simile non poteva dirmi di no. Ma non aveva l\u2019aria contenta. Gli ho persino detto: &lt;non \u00e8 colpa mia&gt;.\u201d<\/em><\/strong><\/p>\n<p>Quella strana somiglianza che assumono cane e padrone che nessuna scienza ancora ci ha spiegato.<\/p>\n<p>\u201c<strong><em>Il vecchio era come il suo cane. A forza di vivere con lui, tutt\u2019e due insieme in una stanzetta, il vecchio ha finito per assomigliargli. Il cane, da parte sua, ha preso dal padrone un modo di camminare tutto curvo, col muso in vanti e il collo teso. sembravano della stessa razza.<\/em><\/strong><strong>\u201d<\/strong><\/p>\n<p>Il desiderio sessuale \u00e8 sempre stimolato dai dettagli. L\u2019erotismo e la provocazione sono fatti di piccoli e, a volte, impercettibili particolari.<\/p>\n<p><strong><em>\u201cSi era messa un mio pigiama di cui aveva tirato su le maniche. Quando ha riso ho avuto ancora voglia di lei.\u201d <\/em><\/strong><\/p>\n<p>Certe libert\u00e0 di movimento sono come certi affetti scontati, ci accorgiamo della loro grande importanza solo quando ci vengono a mancare.<\/p>\n<p>\u201c<strong><em>Al principio della mia detenzione, la cosa pi\u00f9 dura \u00e8 stata che avevo pensieri da uomo libero. In seguito non ebbi che pensieri da prigioniero.\u201d <\/em><\/strong><strong>\u00a0<\/strong><\/p>\n<p>La memoria \u00e8 identit\u00e0. \u00c8 questo l\u2019elemento che ci rende vivi.<\/p>\n<p><strong><em>\u201cHo finito per non annoiarmi pi\u00f9 dall\u2019istante in cui ho imparato a ricordare.\u201d<\/em><\/strong><\/p>\n<p>Spesso la vita ci condanna a drammi che si compiono attraverso tragici paradossi.<\/p>\n<p><strong><em>\u201c&lt;Non si tratta di un comune assassino. Quest\u2019uomo, signori, \u00e8 intelligente e non si pu\u00f2 dire che abbia agito senza rendersi conto di quel che faceva&gt;- Io stavo ad ascoltare. Ma non capivo bene come le buone qualit\u00e0 di uomo normale possono diventare dei capi di accusa schiaccianti contro un colpevole. \u201d <\/em><\/strong><\/p>\n<p>La caduta morale ed etica di un popolo fa perdere autorevolezza alle istituzioni che lo rappresentano.<\/p>\n<p>\u201c<strong><em>Il fatto che la sentenza era stata messa a carico di un\u2019entit\u00e0 cos\u00ec imprecisa come il popolo francese mi pareva che diminuisse di molto la seriet\u00e0 di una simile decisione.\u201d<\/em><\/strong><\/p>\n<p>Essere presenti a se stessi in ogni circostanza \u00e8 l\u2019unico modo per garantire che nessuno mortifichi la nostra dignit\u00e0.<\/p>\n<p>\u201c<strong><em>E\u2019 all\u2019alba che vengono. E ho passato le mie notti ad aspettare quell\u2019alba. Non mi \u00e8 mai piaciuto farmi sorprendere: quando mi succede qualcosa, preferisco essere presente.\u201d<\/em><\/strong><\/p>\n<p>Innamorarsi \u00e8 come iniziare un\u2019altra esistenza. Ci si sente nuovi.<\/p>\n<p>\u201c<strong><em>Ho pensato alla mamma. Mi \u00e8 parso di comprendere perch\u00e9, alla fine di una vita, si era preso un &lt;fidanzato&gt;, perch\u00e9 aveva giocato a ricominciare. Anche laggi\u00f9, intorno a quello ospizio doveva sentirsi liberata e pronta a rivivere tutto.\u201d<\/em><\/strong><\/p>\n<p>Quelle caratteristiche che di una persona ci attirano, spesso sono le stesse che con il tempo c\u2019\u00e8 la fanno disapprovare.<\/p>\n<p>\u201c<strong><em>Ha mormorato che ero molto strambo, che certo lei mi amava ha causa di questo, ma che forse un giorno le avrei fatto schifo per la stessa ragione.<\/em><\/strong><strong>\u201d <\/strong><\/p>\n<p>Le malattie che colpiscono i vecchi sono un pretesto che annuncia l\u2019inevitabile.<\/p>\n<p>\u201c<strong><em>La vera malattia era la vecchiaia, e dalla vecchiaia non si guarisce.\u201d <\/em><\/strong><strong>\u00a0<\/strong><\/p>\n<p>I corpi bagnati che si intrecciano al sole producono un piacere che ha qualcosa di primordiale che ci riporta alla dimensione primordiale anfibia .<\/p>\n<p>\u201c<strong><em>Sulla spiaggia si stava bene. Poco dopo \u00e8 venuta Maria. Era tutta vischiosa di acqua marina si \u00e8 distesa contro il mio fianco e i due calori, del suo corpo e del sole, mi hanno un po\u2019 addormentato.\u201d <\/em><\/strong><strong>\u00a0<\/strong><\/p>\n<p>L\u2019indifferenza dell\u2019alternativa produce quella frustrazione che conduce alla depressione.<\/p>\n<p>\u201c<strong><em>Restare l\u00ec o andare via? Una cosa valeva l\u2019altra. \u201d <\/em><\/strong><strong>\u00a0<\/strong><\/p>\n<p>La tragedia si annuncia sempre con enfasi teatrale.<\/p>\n<p>\u201c<strong><em>Ho sparato quattro volte su un corpo inerte dove i proiettili si insaccavano senza lasciare traccia. Furono come quattro colpi secchi che battevano sulla porta della sventura.\u201d <\/em><\/strong><strong>\u00a0<\/strong><\/p>\n<p>Il rifugio nel ricordo dilata il tempo reale e lo rende fecondo.<\/p>\n<p>\u201c<strong><em>Pi\u00f9 riflettevo e pi\u00f9 tiravo fuori dalla mia memoria cose conosciute e dimenticate. Ho compreso che un uomo che fosse vissuto un giorno solo potrebbe senza difficolt\u00e0 vivere cento anni in una prigione. Avrebbe abbastanza ricordi per non annoiarsi. Da un certo punto di vista, questo \u00e8 un vantaggio.\u201d <\/em><\/strong><strong>\u00a0<\/strong><\/p>\n<p>Quando il tempo scivola sempre sulle stesse consuetudini, perde di senso. Si trasforma in una dimensione immobile dovuta alla sua perenne circolarit\u00e0.<\/p>\n<p><strong><em>\u00a0\u201cIl guardiano mi ha detto che ero l\u00ec da cinque mesi. Per me era sempre lo stesso giorno che scorreva nella mia cella, ed io percorrevo sempre la stessa via.\u201d <\/em><\/strong><strong>\u00a0<\/strong><\/p>\n<p>Sono gli odori che pi\u00f9 delle altre percezioni sensoriali evocano con emozionante sensibilit\u00e0 i ricordi.<\/p>\n<p>\u201c<strong><em>Uscendo ho riconosciuto per un breve istante il profumo e il colore della sera d\u2019estate. Nell\u2019oscurit\u00e0 semovente ho ritrovato ad uno ad uno, come dal fondo della mia stanchezza, tutti i rumori familiari di una citt\u00e0 che amavo e di una certa ora in cui mi avveniva di sentirmi contento. Era questa l\u2019ora in cui mi sentivo contento. <\/em><\/strong><strong>\u201d <\/strong><\/p>\n<p>La disperata ricerca dell\u2019ossimoro come soluzione.<\/p>\n<p>\u201c<strong><em>Quel che mi interessa in questo momento \u00e8 di sapere se l\u2019inevitabile pu\u00f2 avere una via d\u2019uscita.\u201d<\/em><\/strong><\/p>\n<p>Tutto ci\u00f2 che immaginiamo senza conoscerlo non \u00e8 veritiero<\/p>\n<p>\u201c<strong><em>Ci si fanno sempre delle idee esagerate su ci\u00f2 che non si conosce.\u201d<\/em><\/strong><\/p>\n<p>L\u2019idea della morte dispera tragicamente il ventenne quanto l\u2019ottuagenario.<\/p>\n<p>\u201c<strong><em>Importa poco morire a trent\u2019anni oppure a settanta quando si sa bene che in tutte due i casi altri uomini e altre donne vivranno: ero sempre io a morire, sia che morissi subito, sia che morissi tra vent\u2019anni.\u201d<\/em><\/strong><\/p>\n<p><strong>\u00a0<\/strong><\/p>\n<p><strong>\u00a0<\/strong><strong>Carmelo Celona<\/strong><\/p>\n<p><strong>\u00a0<\/strong>02\/12\/2012<\/p>\n<p>&nbsp;<\/p>\n<p>&nbsp;<\/p>\n<p>Lacerti tratti da:<\/p>\n<p><strong>\u201c<em>Lo straniero <\/em>\u201d<\/strong> &#8211; 1942<\/p>\n<p><em>\u00a0<\/em>\u00a0Francois Albert Camus<\/p>\n<p><img loading=\"lazy\" decoding=\"async\" class=\"alignnone size-medium wp-image-3092\" src=\"http:\/\/www.carmelocelona.com\/wp-content\/uploads\/2022\/11\/194418702-562c7f24-c5f4-4537-be5e-1494e38f9102-300x169.jpg\" alt=\"\" width=\"300\" height=\"169\" srcset=\"http:\/\/www.carmelocelona.com\/wp-content\/uploads\/2022\/11\/194418702-562c7f24-c5f4-4537-be5e-1494e38f9102-300x169.jpg 300w, http:\/\/www.carmelocelona.com\/wp-content\/uploads\/2022\/11\/194418702-562c7f24-c5f4-4537-be5e-1494e38f9102-1024x577.jpg 1024w, http:\/\/www.carmelocelona.com\/wp-content\/uploads\/2022\/11\/194418702-562c7f24-c5f4-4537-be5e-1494e38f9102-768x433.jpg 768w, http:\/\/www.carmelocelona.com\/wp-content\/uploads\/2022\/11\/194418702-562c7f24-c5f4-4537-be5e-1494e38f9102-1536x865.jpg 1536w, http:\/\/www.carmelocelona.com\/wp-content\/uploads\/2022\/11\/194418702-562c7f24-c5f4-4537-be5e-1494e38f9102-480x270.jpg 480w, http:\/\/www.carmelocelona.com\/wp-content\/uploads\/2022\/11\/194418702-562c7f24-c5f4-4537-be5e-1494e38f9102-1200x676.jpg 1200w, http:\/\/www.carmelocelona.com\/wp-content\/uploads\/2022\/11\/194418702-562c7f24-c5f4-4537-be5e-1494e38f9102.jpg 1800w\" sizes=\"(max-width: 300px) 100vw, 300px\" \/><\/p>\n","protected":false},"excerpt":{"rendered":"<p>La disumanit\u00e0 del capitalismo manipola il senso del dovere dei lavoratori facendoli agire pi\u00f9 negli interessi dei padroni che verso i loro diritti. \u201cOggi la mamma \u00e8 morta. Ho chiesto<\/p>\n","protected":false},"author":1,"featured_media":3096,"comment_status":"open","ping_status":"open","sticky":false,"template":"","format":"standard","meta":{"footnotes":""},"categories":[10],"tags":[],"_links":{"self":[{"href":"http:\/\/www.carmelocelona.com\/index.php\/wp-json\/wp\/v2\/posts\/3089"}],"collection":[{"href":"http:\/\/www.carmelocelona.com\/index.php\/wp-json\/wp\/v2\/posts"}],"about":[{"href":"http:\/\/www.carmelocelona.com\/index.php\/wp-json\/wp\/v2\/types\/post"}],"author":[{"embeddable":true,"href":"http:\/\/www.carmelocelona.com\/index.php\/wp-json\/wp\/v2\/users\/1"}],"replies":[{"embeddable":true,"href":"http:\/\/www.carmelocelona.com\/index.php\/wp-json\/wp\/v2\/comments?post=3089"}],"version-history":[{"count":4,"href":"http:\/\/www.carmelocelona.com\/index.php\/wp-json\/wp\/v2\/posts\/3089\/revisions"}],"predecessor-version":[{"id":3098,"href":"http:\/\/www.carmelocelona.com\/index.php\/wp-json\/wp\/v2\/posts\/3089\/revisions\/3098"}],"wp:featuredmedia":[{"embeddable":true,"href":"http:\/\/www.carmelocelona.com\/index.php\/wp-json\/wp\/v2\/media\/3096"}],"wp:attachment":[{"href":"http:\/\/www.carmelocelona.com\/index.php\/wp-json\/wp\/v2\/media?parent=3089"}],"wp:term":[{"taxonomy":"category","embeddable":true,"href":"http:\/\/www.carmelocelona.com\/index.php\/wp-json\/wp\/v2\/categories?post=3089"},{"taxonomy":"post_tag","embeddable":true,"href":"http:\/\/www.carmelocelona.com\/index.php\/wp-json\/wp\/v2\/tags?post=3089"}],"curies":[{"name":"wp","href":"https:\/\/api.w.org\/{rel}","templated":true}]}}