{"id":3066,"date":"2012-11-30T14:26:23","date_gmt":"2012-11-30T13:26:23","guid":{"rendered":"http:\/\/www.carmelocelona.com\/?p=3066"},"modified":"2022-11-17T14:30:10","modified_gmt":"2022-11-17T13:30:10","slug":"i-soffi-dellanima","status":"publish","type":"post","link":"http:\/\/www.carmelocelona.com\/index.php\/2012\/11\/30\/i-soffi-dellanima\/","title":{"rendered":"I soffi dell&#8217;anima"},"content":{"rendered":"<p>Quando il silenzio e il buio ci inquietano la prima cosa che facciamo e fischiettare o parlare da soli.<\/p>\n<p><strong><em>\u201cLe parole sono soffi dell\u2019anima davanti all\u2019ignoto per definirlo e non averne paura.\u201d<\/em><\/strong><\/p>\n<p>L\u2019ignoto lo si esorcizza dandogli un nome.<\/p>\n<p>\u201c<strong><em>Quello che si pu\u00f2 nominare diventa conosciuto, diventa nostro, non \u00e8 pi\u00f9 inspiegabile e quindi nemico.<\/em><\/strong><em>\u201d<\/em><\/p>\n<p>Le parole sono un codice di trasmissione, semplificato, del pensiero.<\/p>\n<p>\u201c<strong><em>Il linguaggio ordina il caos del pensiero.<\/em><\/strong><strong>\u201d<\/strong><\/p>\n<p>Non sono le parole ma il loro significato che mette in ordine i pensieri e ci permette di comunicarli.<\/p>\n<p>\u201c&lt;<strong><em>Leg\u00f2&gt; in greco significa sia &lt;raccogliere- collegare&gt; sia &lt;parlare-dire&gt;. E infatti parlare \u00e8 collegare parole. Quante parole, nei due sensi, derivano da l\u00ec: lezione, collezione, legamento, collettore, collegio, colloquio, legenda, il lego, che \u00e8 un gioco di costruzioni, e l\u2019intelligenza, soprattutto, che viene da &lt;intelligere&gt; ( inter-leg\u00e0re), cio\u00e8 unire tra loro una causa e un effetto.<\/em><\/strong><strong>\u201d <\/strong><\/p>\n<p>Tutto quello che \u00e8 oscuro lo attribuiamo al divino.<\/p>\n<p>\u201c<strong><em>Le cose ignote sono Dio.<\/em><\/strong><strong>\u201d <\/strong><\/p>\n<p>Senza Omero e gli aedi la civilt\u00e0 occidentale non avrebbe avuto radici filosofiche e morali.<\/p>\n<p>\u201c<strong><em>La parola cantata ha inventato il mondo, i pensieri, le cose, gli uomini.\u201d <\/em><\/strong><strong>\u00a0<\/strong><\/p>\n<p>Quella giovanile religione libertaria del tirare tardi ed aspettare l\u2019alba dorata, con la sua liturgia fatta di filosofia, vino, amici e amore.<\/p>\n<p>\u201c<strong><em>La notte, diceva pap\u00e0, era una risata continua, un dar di bicchiere o un ubriaco attendere, invincibili nella loro libert\u00e0.\u201d <\/em><\/strong><strong>\u00a0<\/strong><\/p>\n<p>La globalizzazione cancella l\u2019identit\u00e0 dei popoli e contamina le loro civilt\u00e0. Tutto comincia con l\u2019omologazione della lingua e del cibo.<\/p>\n<p>\u201c<strong><em>I Mc Donald\u2019s sono la morte\u00a0 della coscienza, dello sviluppo, della libert\u00e0 di scelta. Sono la fine della lentezza, che per me vuol dire civilt\u00e0. Sono il freddo spacciato per calore, la regola venduta per fantasia.\u201d <\/em><\/strong><strong>\u00a0<\/strong><\/p>\n<p>Un popolo la cui lingua non coniuga il futuro, \u00e8 un popolo che non \u00e8 abituato a pensare al domani. E\u2019 un popolo gregario che non concepisce l\u2019idea del divenire. Delega ad altri \u00a0il progetto del futuro. La lingua siciliana non coniuga il futuro.<\/p>\n<p>\u201c<strong><em>Una lingua non si studia come una specie d\u2019insetti. Una lingua \u00e8 lo specchio di un popolo, del suo mutar di pelle, o della sua immutabilit\u00e0. Ogni popolo parla come vive.<\/em><\/strong><strong>\u201d <\/strong><\/p>\n<p>La logica impone il suo fascino attraverso la deduzione che implacabile svela la verit\u00e0.<\/p>\n<p>\u201c<strong><em>Il sillogismo \u00e8 il ragionamento che per eccellenza garantisce la verit\u00e0. Perch\u00e9 ci\u00f2 avvenga la &lt;premessa maggiore&gt;, cio\u00e8:&lt;tutti gli uomini sono mortali&gt;, e la &lt;premessa minore&gt;, cio\u00e8: &lt; Socrate \u00e8 un uomo&gt;,non possono essere messe in discussione. Solo cos\u00ec risulta corretta la conclusione:&lt;Quindi, Socrate \u00e8 mortale&gt;<\/em><\/strong><strong>\u201d <\/strong><\/p>\n<p>E\u2019 grazie all\u2019astrazione del pensiero che si riesce a rappresentare con perfezione la realt\u00e0, soprattutto quella impercettibile dai sensi umani.<\/p>\n<p><strong><em>\u201cEuclide si sogn\u00f2 che il mondo fosse piano, cosa che non \u00e8. E da questa prima assurdit\u00e0 immagin\u00f2 i punti li un\u00ec in rette, tir\u00f2 fuori figure, che non stavano n\u00e9 in cielo n\u00e9 in terra: triangoli; quadrati; trapezi; Come la matematica \u00e8 una costruzione perfetta sulla stronzata dei numeri, cos\u00ec la geometria \u00e8 un monumento alla logica sulla bufala iniziale che esiste il piano.\u201d<\/em><\/strong><\/p>\n<p>&nbsp;<\/p>\n<p><strong>\u00a0Carmelo Celona<\/strong><\/p>\n<p><strong>\u00a0<\/strong> 30\/11\/ 2012<\/p>\n<p>&nbsp;<\/p>\n<p>&nbsp;<\/p>\n<p>Lacerti tratti da:<\/p>\n<p>\u201c<em>Le parole non le portano le cicogne <\/em>\u201d &#8211; 2000<\/p>\n<p>Roberto Vecchioni<\/p>\n<p><img loading=\"lazy\" decoding=\"async\" class=\"alignnone size-medium wp-image-3068\" src=\"http:\/\/www.carmelocelona.com\/wp-content\/uploads\/2012\/11\/Roberto-Vecchioni-300x200.jpg\" alt=\"\" width=\"300\" height=\"200\" srcset=\"http:\/\/www.carmelocelona.com\/wp-content\/uploads\/2012\/11\/Roberto-Vecchioni-300x200.jpg 300w, http:\/\/www.carmelocelona.com\/wp-content\/uploads\/2012\/11\/Roberto-Vecchioni-1024x683.jpg 1024w, http:\/\/www.carmelocelona.com\/wp-content\/uploads\/2012\/11\/Roberto-Vecchioni-768x512.jpg 768w, http:\/\/www.carmelocelona.com\/wp-content\/uploads\/2012\/11\/Roberto-Vecchioni-480x320.jpg 480w, http:\/\/www.carmelocelona.com\/wp-content\/uploads\/2012\/11\/Roberto-Vecchioni.jpg 1152w\" sizes=\"(max-width: 300px) 100vw, 300px\" \/><\/p>\n","protected":false},"excerpt":{"rendered":"<p>Quando il silenzio e il buio ci inquietano la prima cosa che facciamo e fischiettare o parlare da soli. \u201cLe parole sono soffi dell\u2019anima davanti all\u2019ignoto per definirlo e non<\/p>\n","protected":false},"author":1,"featured_media":3071,"comment_status":"open","ping_status":"open","sticky":false,"template":"","format":"standard","meta":{"footnotes":""},"categories":[10],"tags":[],"_links":{"self":[{"href":"http:\/\/www.carmelocelona.com\/index.php\/wp-json\/wp\/v2\/posts\/3066"}],"collection":[{"href":"http:\/\/www.carmelocelona.com\/index.php\/wp-json\/wp\/v2\/posts"}],"about":[{"href":"http:\/\/www.carmelocelona.com\/index.php\/wp-json\/wp\/v2\/types\/post"}],"author":[{"embeddable":true,"href":"http:\/\/www.carmelocelona.com\/index.php\/wp-json\/wp\/v2\/users\/1"}],"replies":[{"embeddable":true,"href":"http:\/\/www.carmelocelona.com\/index.php\/wp-json\/wp\/v2\/comments?post=3066"}],"version-history":[{"count":3,"href":"http:\/\/www.carmelocelona.com\/index.php\/wp-json\/wp\/v2\/posts\/3066\/revisions"}],"predecessor-version":[{"id":3072,"href":"http:\/\/www.carmelocelona.com\/index.php\/wp-json\/wp\/v2\/posts\/3066\/revisions\/3072"}],"wp:featuredmedia":[{"embeddable":true,"href":"http:\/\/www.carmelocelona.com\/index.php\/wp-json\/wp\/v2\/media\/3071"}],"wp:attachment":[{"href":"http:\/\/www.carmelocelona.com\/index.php\/wp-json\/wp\/v2\/media?parent=3066"}],"wp:term":[{"taxonomy":"category","embeddable":true,"href":"http:\/\/www.carmelocelona.com\/index.php\/wp-json\/wp\/v2\/categories?post=3066"},{"taxonomy":"post_tag","embeddable":true,"href":"http:\/\/www.carmelocelona.com\/index.php\/wp-json\/wp\/v2\/tags?post=3066"}],"curies":[{"name":"wp","href":"https:\/\/api.w.org\/{rel}","templated":true}]}}