{"id":3020,"date":"2012-09-27T12:39:52","date_gmt":"2012-09-27T10:39:52","guid":{"rendered":"http:\/\/www.carmelocelona.com\/?p=3020"},"modified":"2022-11-17T12:51:59","modified_gmt":"2022-11-17T11:51:59","slug":"il-dolore-affina","status":"publish","type":"post","link":"http:\/\/www.carmelocelona.com\/index.php\/2012\/09\/27\/il-dolore-affina\/","title":{"rendered":"il dolore affina"},"content":{"rendered":"<p>Quando si ha contezza del limite della vita, questa comincia a dilatarsi e il tempo gocciola enfatico come certi rubinetti nel buio della notte.<\/p>\n<p><strong><em>\u201c Con il virus nel sangue e con quella che i medici chiamano\u201daspettativa di vita\u201d non superiore a due o tre anni, la gioia della vita \u00e8 grande. E come se la vita si fosse ampliata, vedo di pi\u00f9, sento di pi\u00f9, so che ho amato di pi\u00f9.\u201d<\/em><\/strong><\/p>\n<p>Certa morale fonda i suoi valori sul pregiudizio della maggioranza e mai sul senso e sulla ragione.<\/p>\n<p>\u201c<strong><em>La normalit\u00e0, questo concetto statistico, trapiantato improvvidamente nel campo morale, di cui \u00e8 una categoria.<\/em><\/strong><em>\u201d<\/em><\/p>\n<p>Quella sofferenza che la qualit\u00e0 essendo minoranza deve pagare come tributo alla banale diffusa normalit\u00e0, fondata sull\u2019irrazionale e sull\u2019ignoranza.<\/p>\n<p>\u201c<strong><em>La normalit\u00e0, nella sua mera accezione statistica, applicata alle esperienze esistenziali<\/em><\/strong><strong>\u201d<\/strong><\/p>\n<p>Siamo noi che progettiamo le nostre catene, e la societ\u00e0 nella quale ci integriamo le costruisce.<\/p>\n<p>\u201c<strong><em>I miei occhi sono pieni di piet\u00e0 quando osservo chi si \u00e8 costruito tutti gli impedimenti alla vita, chiusa fra ideologie,sicurezze, carriere, e che da questa prigione \u00e8 cos\u00ec bloccato, che non riesce non solo ad uscirne , ma nemmeno a guardare cosa succede fuori.<\/em><\/strong><strong>\u201d <\/strong><\/p>\n<p>Nel dolore senza soluzione, una notte d\u2019amore da una consolazione infinita.<\/p>\n<p>\u201c<strong><em>Se l\u2019amore, la passione e anche far l\u2019amore, nella salute e nella quotidianit\u00e0 \u00e8 gradevole e confortante, nel dramma assume una valenza assoluta, palpitante, si stacca dalla normalit\u00e0 ancora di pi\u00f9, e ascende forse fino alla divinit\u00e0.<\/em><\/strong><strong>\u201d <\/strong><\/p>\n<p>Purtroppo solo dal dolore s\u2019impara.<\/p>\n<p>\u201c<strong><em>Il dolore affina, nobilita, allarga, ingigantisce, spappola, rompe, disintegra, fa impazzire, paralizza, \u00e8 un\u2019esperienza importantissima, forse e di pi\u00f9: modifica. E\u2019 un educatore.\u201d <\/em><\/strong><strong>\u00a0<\/strong><\/p>\n<p>La caccia all\u2019untore moderna avviene attraverso i media ed ha un clamore devastante sulle incolpevoli vittime.<\/p>\n<p>\u201c<strong><em>Ci siamo sentiti appestati, ma non era il virus che ci appestava, era l\u2019opinione pubblica, era quello che la gente pensava, quello che la televisione e la stampa ci faceva sentire, come ci descriveva. \u201d <\/em><\/strong><strong>\u00a0<\/strong><\/p>\n<p>L\u2019amore non \u00e8 un sentimento di esclusiva pratica tra uomini e donne. L\u2019amore \u00e8 universale.<\/p>\n<p>\u201c<strong><em>Detestava gli omosessuali, i gay, non si riteneva appartenere a tali categorie, ed aveva ragione. Si diceva un uomo che ama un altro uomo. <\/em><\/strong><strong>\u201d <\/strong><\/p>\n<p>La disperazione fa giungere a certi livelli di abbrutimento, dove ogni senso estetico e ogni forma va irrimediabilmente perduta.<\/p>\n<p>\u201c <strong><em>Il livello della bellezza di queste o altre cose, non era consono, era troppo lontano, dall\u2019abisso oscuro nel quale ero sprofondato.\u201d <\/em><\/strong><strong>\u00a0<\/strong><\/p>\n<p>Il sonno consolatore \u00e8 quasi sempre un sonno sicuro e spesso la sicurezza ci arriva attraverso il calore dell\u2019altro che ci dorme accanto.<\/p>\n<p>\u201c<strong><em>Insieme abbiamo ricostruito la vita, il nostro amore, dormivamo vicini dopo aver fatto l\u2019amore, il pi\u00f9 delle volte spossati, metteva le dita sotto il mio finaco, sentiva che c\u2019ero, doveva sentirlo anche fisicamente e cos\u00ec ci addormentavamo. <\/em><\/strong><strong>\u201d <\/strong><\/p>\n<p>Anche davanti alla morte la burocrazia resta inesorabilmente disumana. Forse si accanisce di pi\u00f9.<\/p>\n<p>\u201c<strong><em>Ora sono in ospedale, in pericolo di vita. Mi hanno fatto perdere una giornata perch\u00e9 la monaca caposala non ha capito che doveva inoltrare il modulo per la prenotazione di una TAC. Domani esco dall\u2019ospedale e vado a farmela per conto mio e a spese mie.\u201d <\/em><\/strong><strong>\u00a0<\/strong><\/p>\n<p><strong>\u00a0<\/strong><\/p>\n<p><strong>Carmelo Celona<\/strong><\/p>\n<p>Messina 27\/09\/2012<\/p>\n<p>&nbsp;<\/p>\n<p>Lacerti tratti da:<\/p>\n<p>\u201c<em><strong>La bellezza \u00e8 negli occhi di chi guarda<\/strong> <\/em>\u201d &#8211; 1993<\/p>\n<p>Luigi Cerina<\/p>\n<p>&nbsp;<\/p>\n<p>&nbsp;<\/p>\n<p>&nbsp;<\/p>\n<p>&nbsp;<\/p>\n<p>&nbsp;<\/p>\n","protected":false},"excerpt":{"rendered":"<p>Quando si ha contezza del limite della vita, questa comincia a dilatarsi e il tempo gocciola enfatico come certi rubinetti nel buio della notte. \u201c Con il virus nel sangue<\/p>\n","protected":false},"author":1,"featured_media":3022,"comment_status":"open","ping_status":"open","sticky":false,"template":"","format":"standard","meta":{"footnotes":""},"categories":[10],"tags":[],"_links":{"self":[{"href":"http:\/\/www.carmelocelona.com\/index.php\/wp-json\/wp\/v2\/posts\/3020"}],"collection":[{"href":"http:\/\/www.carmelocelona.com\/index.php\/wp-json\/wp\/v2\/posts"}],"about":[{"href":"http:\/\/www.carmelocelona.com\/index.php\/wp-json\/wp\/v2\/types\/post"}],"author":[{"embeddable":true,"href":"http:\/\/www.carmelocelona.com\/index.php\/wp-json\/wp\/v2\/users\/1"}],"replies":[{"embeddable":true,"href":"http:\/\/www.carmelocelona.com\/index.php\/wp-json\/wp\/v2\/comments?post=3020"}],"version-history":[{"count":4,"href":"http:\/\/www.carmelocelona.com\/index.php\/wp-json\/wp\/v2\/posts\/3020\/revisions"}],"predecessor-version":[{"id":3026,"href":"http:\/\/www.carmelocelona.com\/index.php\/wp-json\/wp\/v2\/posts\/3020\/revisions\/3026"}],"wp:featuredmedia":[{"embeddable":true,"href":"http:\/\/www.carmelocelona.com\/index.php\/wp-json\/wp\/v2\/media\/3022"}],"wp:attachment":[{"href":"http:\/\/www.carmelocelona.com\/index.php\/wp-json\/wp\/v2\/media?parent=3020"}],"wp:term":[{"taxonomy":"category","embeddable":true,"href":"http:\/\/www.carmelocelona.com\/index.php\/wp-json\/wp\/v2\/categories?post=3020"},{"taxonomy":"post_tag","embeddable":true,"href":"http:\/\/www.carmelocelona.com\/index.php\/wp-json\/wp\/v2\/tags?post=3020"}],"curies":[{"name":"wp","href":"https:\/\/api.w.org\/{rel}","templated":true}]}}