{"id":3002,"date":"2012-09-30T12:12:20","date_gmt":"2012-09-30T10:12:20","guid":{"rendered":"http:\/\/www.carmelocelona.com\/?p=3002"},"modified":"2022-11-17T13:10:13","modified_gmt":"2022-11-17T12:10:13","slug":"il-letto-matrimoniale","status":"publish","type":"post","link":"http:\/\/www.carmelocelona.com\/index.php\/2012\/09\/30\/il-letto-matrimoniale\/","title":{"rendered":"Il letto matrimoniale"},"content":{"rendered":"<p>Chi da bambino non ha provato felicit\u00e0 vedendo i propri genitori insieme nell\u2019ambito letto matrimoniale.<\/p>\n<p><strong><em>\u201cCome quasi tutti i figli di separati, anch\u2019io vorrei che i miei tornassero insieme. Quando non saranno pi\u00f9 auto sufficienti, mi baster\u00e0 spedire all\u2019ospizio i loro nuovi compagni e riprenderli in casa con me, dove con un tranello, li convincer\u00f2 a dividere lo stesso letto matrimoniale, \u00a0finch\u00e9 morte non li separi.\u201d<\/em><\/strong><\/p>\n<p>Basta con questa ostentata esibizione macellaia del corpo femminile. E\u2019 il momento di rivendicare il diritto ad una erotica immaginazione.<\/p>\n<p>\u201c<strong><em>Le uniche tette che si vedono in televisione sono quelle delle attrici sconosciute. Se ne vedi una con le poppe al vento, di sicuro non \u00e8 famosa. Le star non mostrano mai le tette.<\/em><\/strong><em>\u201d<\/em><\/p>\n<p>L\u2019eterna ed inutile lotta che alcune massaie conducono contro il pulviscolo atmosferico, facendone un\u2019ossessiva vanit\u00e0 e compromettendo la qualit\u00e0 della vita domestica.<\/p>\n<p>\u201c<strong><em>Pap\u00e0 trae un profondo piacere dall\u2019osservazione della natura. Mamma invece ne \u00e8 angosciata. Sembra che le abbia dichiarato guerra. Lotta contro lo sporco di casa. Combatte contro mille tipi d\u2019insetti. Contro batteri di ogni sorta. Tutto ci\u00f2 che dovrebbe essere naturale per lei \u00e8 un problema.<\/em><\/strong><strong>\u201d<\/strong><\/p>\n<p>Quel bisogno di considerazione che si accende negli occhi dei vecchi quando gli rivolgiamo delle attenzioni.<\/p>\n<p>\u201c<strong><em>In genere, in un primo momento le persone anziane si spaventano quando gli si rivolge la parola: sono troppo abituate a essere considerate invisibili. Ma poi sono molto contente che qualcuno si sia accorto di loro.<\/em><\/strong><strong>\u201d <\/strong><\/p>\n<p>Come si pu\u00f2 mortificare il proprio pensiero costringendolo a macerare nel silenzio. Soprattutto davanti all\u2019ingiustizia e alla stupidit\u00e0? Per opportunit\u00e0! Si dice. Ma cosa \u00e8 pi\u00f9 opportuno e onesto di dire all\u2019altro ci\u00f2 che si pensa?<\/p>\n<p>\u201c<strong><em>Il mio motto \u00e8: &lt;esternare tutto&gt;. Altrimenti mi viene il cancro.<\/em><\/strong><strong>\u201d <\/strong><\/p>\n<p>E\u2019 sempre questione di punti di vista. L\u2019orrore non sta sempre da una parte sola.<\/p>\n<p>\u201c<strong><em>Hanno teso un telo verde chiaro tra la testa e il culo. Probabilmente per evitare che il mio culo veda l\u2019espressione inorridita del mio viso. <\/em><\/strong><strong>\u201d <\/strong><\/p>\n<p>Gli inutili espedienti che si adottano per dissimulare gli effetti olfattivi di certe nostre esternazioni antropiche.<\/p>\n<p>\u201c<strong><em>Per far sparire la puzza traditrice apro la doccia al massimo: una volta qualcuno mi ha detto che l\u2019acqua cattura gli odori.\u201d <\/em><\/strong><strong>\u00a0<\/strong><\/p>\n<p>Le separazioni coniugali producono nella prole dolorose e insanabili ferite. Il bisogno di una ricucitura tra i genitori va oltre ogni immaginabile tragico autolesionismo.<\/p>\n<p>\u201c<strong><em>Ho un disperato bisogno di allungare la degenza se voglio riunire i miei genitori in occasione delle visite. Chiederei a qualsiasi paziente di vendermi la sua malattia.\u201d <\/em><\/strong><strong>\u00a0<\/strong><\/p>\n<p>&nbsp;<\/p>\n<p>&nbsp;<\/p>\n<p>Carmelo Celona<\/p>\n<p>30.09.2012<\/p>\n<p>Lacerti tratti da:<\/p>\n<p>\u201c<em>Zone umide <\/em>\u201d &#8211; 2008<\/p>\n<p>Charlotte Roche<\/p>\n<p><img loading=\"lazy\" decoding=\"async\" class=\"alignnone size-medium wp-image-3008\" src=\"http:\/\/www.carmelocelona.com\/wp-content\/uploads\/2012\/09\/croche01-219x300.jpg\" alt=\"\" width=\"219\" height=\"300\" srcset=\"http:\/\/www.carmelocelona.com\/wp-content\/uploads\/2012\/09\/croche01-219x300.jpg 219w, http:\/\/www.carmelocelona.com\/wp-content\/uploads\/2012\/09\/croche01.jpg 230w\" sizes=\"(max-width: 219px) 100vw, 219px\" \/><\/p>\n<p>&nbsp;<\/p>\n<p>&nbsp;<\/p>\n<p>&nbsp;<\/p>\n<p><strong>\u00a0<\/strong><\/p>\n","protected":false},"excerpt":{"rendered":"<p>Chi da bambino non ha provato felicit\u00e0 vedendo i propri genitori insieme nell\u2019ambito letto matrimoniale. \u201cCome quasi tutti i figli di separati, anch\u2019io vorrei che i miei tornassero insieme. Quando<\/p>\n","protected":false},"author":1,"featured_media":3004,"comment_status":"open","ping_status":"open","sticky":false,"template":"","format":"standard","meta":{"footnotes":""},"categories":[10],"tags":[],"_links":{"self":[{"href":"http:\/\/www.carmelocelona.com\/index.php\/wp-json\/wp\/v2\/posts\/3002"}],"collection":[{"href":"http:\/\/www.carmelocelona.com\/index.php\/wp-json\/wp\/v2\/posts"}],"about":[{"href":"http:\/\/www.carmelocelona.com\/index.php\/wp-json\/wp\/v2\/types\/post"}],"author":[{"embeddable":true,"href":"http:\/\/www.carmelocelona.com\/index.php\/wp-json\/wp\/v2\/users\/1"}],"replies":[{"embeddable":true,"href":"http:\/\/www.carmelocelona.com\/index.php\/wp-json\/wp\/v2\/comments?post=3002"}],"version-history":[{"count":6,"href":"http:\/\/www.carmelocelona.com\/index.php\/wp-json\/wp\/v2\/posts\/3002\/revisions"}],"predecessor-version":[{"id":3038,"href":"http:\/\/www.carmelocelona.com\/index.php\/wp-json\/wp\/v2\/posts\/3002\/revisions\/3038"}],"wp:featuredmedia":[{"embeddable":true,"href":"http:\/\/www.carmelocelona.com\/index.php\/wp-json\/wp\/v2\/media\/3004"}],"wp:attachment":[{"href":"http:\/\/www.carmelocelona.com\/index.php\/wp-json\/wp\/v2\/media?parent=3002"}],"wp:term":[{"taxonomy":"category","embeddable":true,"href":"http:\/\/www.carmelocelona.com\/index.php\/wp-json\/wp\/v2\/categories?post=3002"},{"taxonomy":"post_tag","embeddable":true,"href":"http:\/\/www.carmelocelona.com\/index.php\/wp-json\/wp\/v2\/tags?post=3002"}],"curies":[{"name":"wp","href":"https:\/\/api.w.org\/{rel}","templated":true}]}}