{"id":2030,"date":"2012-08-10T18:20:47","date_gmt":"2012-08-10T16:20:47","guid":{"rendered":"http:\/\/www.carmelocelona.com\/?p=2030"},"modified":"2022-02-10T18:22:02","modified_gmt":"2022-02-10T17:22:02","slug":"il-pane-nascosto","status":"publish","type":"post","link":"http:\/\/www.carmelocelona.com\/index.php\/2012\/08\/10\/il-pane-nascosto\/","title":{"rendered":"Il pane nascosto"},"content":{"rendered":"<p>Se l\u2019omert\u00e0 non provoca guai, la delazione provoca benefici personali. Entrambe danneggiano il prossimo e attivano processi di incivilt\u00e0, radicando culture basate su un condiviso e accettato solipsismo feroce.<\/p>\n<p><strong><em>\u201cQuelli che spifferano si salvano sempre. Col sangue degli altri per\u00f2.\u201d<\/em><\/strong><\/p>\n<p>Spesso si apprezzano come buoni lavori mal fatti, perch\u00e9 ormai in molti ambiti professionali \u00e8 andata perduta la \u201c<em>regola d\u2019arte<\/em>\u201d. Il lavoro ormai ha come unico fine l\u2019emolumento.<\/p>\n<p>\u201c<strong><em>Il lavoro \u00e8 come un bastone a due estremit\u00e0: per la gente far le cose bene, per gli stupidi far solo finta.<\/em><\/strong><em>\u201d<\/em><\/p>\n<p>E\u2019 tragico constatare che la vera solidariet\u00e0 si afferma solo attraverso l\u2019esperienza diretta. Ci si identifica \u00a0nei disagi e nelle sofferenze altrui solo se quei patimenti sono stati in qualche modo anche nostri.<\/p>\n<p>\u201c<strong><em>Chi sta al caldo pu\u00f2 capire chi sta al freddo?<\/em><\/strong><strong>\u201d<\/strong><\/p>\n<p>La violenza psicologica induce la vittima ad una condizione di degrado morale. Vive solo di pensieri minori, ricorrenti, finalizzati solo all\u2019animalesca sopravvivenza biologica. Ci\u00f2 indebolisce le sue possibilit\u00e0 di reazione.<\/p>\n<p>\u201c<strong><em>Neppure il pensiero del deportato \u00e8 libero, torna sempre sulle medesime cose: non troveranno il pane nascosto nei giacigli? Mi daranno l\u2019esonero stasera all\u2019infermeria? Metteranno in cella il capitano? Come ha fatto Tsezar ad avere la sua maglietta di flanella? Avr\u00e0 dato lo sbruffo a qualcuno del deposito effetti personali?<\/em><\/strong><strong>\u201d <\/strong><\/p>\n<p>L\u2019esistenza senza prospettive \u00e8 una sorta di vita apparente. Chi non progetta il domani vegeta. Il vero schiavo \u00e8 colui che ha dismesso di pianificare il futuro, egli perde la libert\u00e0 nel momento in cui \u00e8 lieto di demandare ad altri tale compito.<\/p>\n<p>\u201c<strong><em>Nei campi e nelle prigioni si era disabituato a pensare che cosa avrebbe fatto tra un giorno o fra un anno. Per lui pensavano a tutto i capi: era pi\u00f9 facile vivere.<\/em><\/strong><strong>\u201d <\/strong><\/p>\n<p>Il denaro male guadagnato non produrr\u00e0 mai alcun appagamento.<\/p>\n<p><strong><em>\u201cI soldi facili non pesano niente e non danno la sensazione di averli guadagnati: i quattrini fatti in fretta non restano mai in tasca.\u201d <\/em><\/strong><\/p>\n<p>L\u2019abito non fa il monaco ma spesso aiuta a camuffare il bandito.<\/p>\n<p>\u201c<strong><em>Non si curava dei bei vestiti. Dei vestiti che abbelliscono i mostri e i ribaldi.\u201d <\/em><\/strong><strong>\u00a0<\/strong><\/p>\n<p>Quell\u2019antica e garbata cortesia di darsi del \u201cLei\u201d o del \u201cVoi\u201d, una sorta di rispetto a priori. Era il mezzo per sottolineare il senso di stima che si nutriva verso l\u2019altro. Il \u201cTu\u201d immediato infastidisce, spesso \u00e8 la ricerca calcolata di una confidenza fittizia che accorcia le distanze e permette quelle licenze che si praticano solo tra amici. Si pu\u00f2 essere veri amici anche dandosi del \u201cVoi\u201d.<\/p>\n<p>\u201c<strong><em>Gli occidentali neanche nel campo prendevano l\u2019abitudine di dare del &lt;Voi&gt; e di usare il patronimico.\u201d <\/em><\/strong><strong>\u00a0<\/strong><\/p>\n<p>&nbsp;<\/p>\n<p>Carmelo Celona<\/p>\n<p>05\/08\/2012<\/p>\n<p>Lacerti tratti da:<\/p>\n<p>\u201c<em>Una giornata di Ivan Denisovi\u010d <\/em>\u201d &#8211; 1962<\/p>\n<p>di Aleksandr Sol\u017eenicyn<\/p>\n<p>&nbsp;<\/p>\n<p><img loading=\"lazy\" decoding=\"async\" class=\"alignnone size-medium wp-image-2031\" src=\"http:\/\/www.carmelocelona.com\/wp-content\/uploads\/2022\/02\/9-300x200.webp\" alt=\"\" width=\"300\" height=\"200\" srcset=\"http:\/\/www.carmelocelona.com\/wp-content\/uploads\/2022\/02\/9-300x200.webp 300w, http:\/\/www.carmelocelona.com\/wp-content\/uploads\/2022\/02\/9-480x320.webp 480w, http:\/\/www.carmelocelona.com\/wp-content\/uploads\/2022\/02\/9.webp 660w\" sizes=\"(max-width: 300px) 100vw, 300px\" \/><\/p>\n<p>&nbsp;<\/p>\n<p>&nbsp;<\/p>\n","protected":false},"excerpt":{"rendered":"<p>Se l\u2019omert\u00e0 non provoca guai, la delazione provoca benefici personali. Entrambe danneggiano il prossimo e attivano processi di incivilt\u00e0, radicando culture basate su un condiviso e accettato solipsismo feroce. \u201cQuelli<\/p>\n","protected":false},"author":1,"featured_media":2034,"comment_status":"open","ping_status":"open","sticky":false,"template":"","format":"standard","meta":{"footnotes":""},"categories":[10],"tags":[],"_links":{"self":[{"href":"http:\/\/www.carmelocelona.com\/index.php\/wp-json\/wp\/v2\/posts\/2030"}],"collection":[{"href":"http:\/\/www.carmelocelona.com\/index.php\/wp-json\/wp\/v2\/posts"}],"about":[{"href":"http:\/\/www.carmelocelona.com\/index.php\/wp-json\/wp\/v2\/types\/post"}],"author":[{"embeddable":true,"href":"http:\/\/www.carmelocelona.com\/index.php\/wp-json\/wp\/v2\/users\/1"}],"replies":[{"embeddable":true,"href":"http:\/\/www.carmelocelona.com\/index.php\/wp-json\/wp\/v2\/comments?post=2030"}],"version-history":[{"count":1,"href":"http:\/\/www.carmelocelona.com\/index.php\/wp-json\/wp\/v2\/posts\/2030\/revisions"}],"predecessor-version":[{"id":2033,"href":"http:\/\/www.carmelocelona.com\/index.php\/wp-json\/wp\/v2\/posts\/2030\/revisions\/2033"}],"wp:featuredmedia":[{"embeddable":true,"href":"http:\/\/www.carmelocelona.com\/index.php\/wp-json\/wp\/v2\/media\/2034"}],"wp:attachment":[{"href":"http:\/\/www.carmelocelona.com\/index.php\/wp-json\/wp\/v2\/media?parent=2030"}],"wp:term":[{"taxonomy":"category","embeddable":true,"href":"http:\/\/www.carmelocelona.com\/index.php\/wp-json\/wp\/v2\/categories?post=2030"},{"taxonomy":"post_tag","embeddable":true,"href":"http:\/\/www.carmelocelona.com\/index.php\/wp-json\/wp\/v2\/tags?post=2030"}],"curies":[{"name":"wp","href":"https:\/\/api.w.org\/{rel}","templated":true}]}}