{"id":2012,"date":"2012-08-04T16:44:34","date_gmt":"2012-08-04T14:44:34","guid":{"rendered":"http:\/\/www.carmelocelona.com\/?p=2012"},"modified":"2022-02-10T16:44:59","modified_gmt":"2022-02-10T15:44:59","slug":"lo-stato","status":"publish","type":"post","link":"http:\/\/www.carmelocelona.com\/index.php\/2012\/08\/04\/lo-stato\/","title":{"rendered":"Lo Stato"},"content":{"rendered":"<p>Una mentalit\u00e0 che vede la puntualit\u00e0 e la precisione solo come un connotato negativo, non pu\u00f2 che produrre sopraffazione e dominio dei furbi.<\/p>\n<p><strong><em>\u201cIn Sicilia, non \u00a0c\u2019\u00e8\u00a0 niente di puntuale: persino le messe cominciano dieci minuti dopo. Guai ad arrivare puntuali: Sono puntuali solo gli uomini dappoco, quelli che non contano niente.\u201d<\/em><\/strong><\/p>\n<p>Quando nell\u2019immaginario dei cittadini lo Stato si personalizza in chi lo gestisce, si determina una perdita di democrazia che impedisce di fatto la partecipazione sociale. E la partecipazione \u00e8 libert\u00e0.<\/p>\n<p>\u201c<strong><em>Lo stato era una cosa astratta, fatto di aria, che per\u00f2 si incarnava nell\u2019onorevole Tizio, nel funzionario Caio, nel maresciallo Sempronio, nel giudice Tal dei Tali. E tutti questi erano lo stato, la carne vera e reale dello stato. Lo stato con cui dovevamo e potevamo avere a che fare.<\/em><\/strong><strong>\u201d <\/strong><\/p>\n<p>Tutti i siciliani fanno fatica ad individuare con precisione il confine esatto tra dovere civile e delazione.<\/p>\n<p>\u201c<strong><em>Questa cosa, questo silenzio, lo chiamavano omert\u00e0. La colpa pi\u00f9 grande dei siciliani. Sintomo di poco attaccamento allo Stato, che coinvolgeva tutti i siciliani.\u201d <\/em><\/strong><strong>\u00a0<\/strong><\/p>\n<p>L\u2019utopia \u00e8 la razionalit\u00e0 distrutta dall\u2019egoismo, il buon senso \u00e8 l\u2019irrazionalit\u00e0 che soddisfa l\u2019egoismo di tutti impossessandosi impropriamente dell\u2019attributo razionale rubato all\u2019utopia.<\/p>\n<p>\u201c<strong><em>A vent\u2019anni la ragione sta sempre dalla parte dell\u2019utopia. Ma la realt\u00e0 macina e fagocita tutte le utopie e tutti gli utopisti. L\u2019utopia\u00a0 \u00e8 refrattaria ad ogni buon senso. La realt\u00e0 se ne infischia dell\u2019utopia.<\/em><\/strong><strong>\u201d <\/strong><\/p>\n<p>L\u2019ingenuit\u00e0 dei puri \u00e8 l\u2019arma imbattibile dei furbi che li strumentalizzano.<\/p>\n<p>\u201c<strong><em>I puri, con una ingenuit\u00e0 pi\u00f9 grande della loro buona fede. <\/em><\/strong><strong>\u201d <\/strong><\/p>\n<p>Vi sono ambienti dove chi si introduce bussando con i pugni non ottiene nulla.<\/p>\n<p>\u201c<strong><em>Quando si andava da qualcuno a chiedere un favore gi\u00e0 ricevuto, bisognava bussare con i piedi. Le mani non potevano essere usate per bussare, dovevano essere cariche di doni.\u201d <\/em><\/strong><strong>\u00a0<\/strong><\/p>\n<p>La politica alleva la disoccupazione giovanile come l\u2019ovicoltore alleva i polli in batteria.<\/p>\n<p>\u201c<strong><em>Quelli che contavano le balate. Le balate erano le grandi lastre di pietra lavica che pavimentavano i marciapiedi. Contavano le balate in attesa del posto.\u201d<\/em><\/strong><\/p>\n<p>Di certe astinenze il corpo ne esterna inequivocabilmente la sofferenza.<\/p>\n<p>\u201c<strong><em>I cacciatori di professione annusarono la Penepriva. Capirono che il digiuno era ormai insostenibile. Ci fu l\u2019assedio.\u201d <\/em><\/strong><strong>\u00a0<\/strong><\/p>\n<p>Un\u2019isola fisica che contiene una moltitudine di isole culturali.<\/p>\n<p>\u201c<strong><em>La Sicilia non era un\u2019isola come comunemente si pensava e si scriveva. Era un arcipelago.\u201d <\/em><\/strong><strong>\u00a0<\/strong><\/p>\n<p>Il culto del sonno eterno inibisce l\u2019idea del domani e rende solo fatalistica la visione dell\u2019avvenire.<\/p>\n<p>\u201c<strong><em>La morte nel suo aspetto pi\u00f9 oscuro. Per uccidere il futuro.<\/em><\/strong><strong>\u201d<\/strong><\/p>\n<p>Carmelo Celona<\/p>\n<p>Messina 04\/08\/2012<\/p>\n<p>Lacerti tratti da:<\/p>\n<p>\u201c<em>Senza re n\u00e9 regno <\/em>\u201d &#8211; 2004<\/p>\n<p>Domenico Seminerio<\/p>\n<p>&nbsp;<\/p>\n<p><img loading=\"lazy\" decoding=\"async\" class=\"alignnone size-medium wp-image-2013\" src=\"http:\/\/www.carmelocelona.com\/wp-content\/uploads\/2022\/02\/4-4-300x300.jpg\" alt=\"\" width=\"300\" height=\"300\" srcset=\"http:\/\/www.carmelocelona.com\/wp-content\/uploads\/2022\/02\/4-4-300x300.jpg 300w, http:\/\/www.carmelocelona.com\/wp-content\/uploads\/2022\/02\/4-4-150x150.jpg 150w, http:\/\/www.carmelocelona.com\/wp-content\/uploads\/2022\/02\/4-4-360x360.jpg 360w, http:\/\/www.carmelocelona.com\/wp-content\/uploads\/2022\/02\/4-4.jpg 400w\" sizes=\"(max-width: 300px) 100vw, 300px\" \/><\/p>\n<p>&nbsp;<\/p>\n<p><strong><em>\u00a0<\/em><\/strong><\/p>\n","protected":false},"excerpt":{"rendered":"<p>Una mentalit\u00e0 che vede la puntualit\u00e0 e la precisione solo come un connotato negativo, non pu\u00f2 che produrre sopraffazione e dominio dei furbi. \u201cIn Sicilia, non \u00a0c\u2019\u00e8\u00a0 niente di puntuale:<\/p>\n","protected":false},"author":1,"featured_media":2015,"comment_status":"open","ping_status":"open","sticky":false,"template":"","format":"standard","meta":{"footnotes":""},"categories":[10],"tags":[],"_links":{"self":[{"href":"http:\/\/www.carmelocelona.com\/index.php\/wp-json\/wp\/v2\/posts\/2012"}],"collection":[{"href":"http:\/\/www.carmelocelona.com\/index.php\/wp-json\/wp\/v2\/posts"}],"about":[{"href":"http:\/\/www.carmelocelona.com\/index.php\/wp-json\/wp\/v2\/types\/post"}],"author":[{"embeddable":true,"href":"http:\/\/www.carmelocelona.com\/index.php\/wp-json\/wp\/v2\/users\/1"}],"replies":[{"embeddable":true,"href":"http:\/\/www.carmelocelona.com\/index.php\/wp-json\/wp\/v2\/comments?post=2012"}],"version-history":[{"count":1,"href":"http:\/\/www.carmelocelona.com\/index.php\/wp-json\/wp\/v2\/posts\/2012\/revisions"}],"predecessor-version":[{"id":2016,"href":"http:\/\/www.carmelocelona.com\/index.php\/wp-json\/wp\/v2\/posts\/2012\/revisions\/2016"}],"wp:featuredmedia":[{"embeddable":true,"href":"http:\/\/www.carmelocelona.com\/index.php\/wp-json\/wp\/v2\/media\/2015"}],"wp:attachment":[{"href":"http:\/\/www.carmelocelona.com\/index.php\/wp-json\/wp\/v2\/media?parent=2012"}],"wp:term":[{"taxonomy":"category","embeddable":true,"href":"http:\/\/www.carmelocelona.com\/index.php\/wp-json\/wp\/v2\/categories?post=2012"},{"taxonomy":"post_tag","embeddable":true,"href":"http:\/\/www.carmelocelona.com\/index.php\/wp-json\/wp\/v2\/tags?post=2012"}],"curies":[{"name":"wp","href":"https:\/\/api.w.org\/{rel}","templated":true}]}}