{"id":1999,"date":"2012-07-10T16:15:35","date_gmt":"2012-07-10T14:15:35","guid":{"rendered":"http:\/\/www.carmelocelona.com\/?p=1999"},"modified":"2022-02-10T16:17:10","modified_gmt":"2022-02-10T15:17:10","slug":"al-jolly-hotel","status":"publish","type":"post","link":"http:\/\/www.carmelocelona.com\/index.php\/2012\/07\/10\/al-jolly-hotel\/","title":{"rendered":"Al Jolly Hotel"},"content":{"rendered":"<p>Fu una delle poche stagioni in cui i siciliani da inquilini tentarono di divenire padroni della loro storia.<\/p>\n<p><strong><em>\u201cL\u2019entusiasmo e il dolore dello scontro (i morti, gli incarcerati, gli umiliati), il gusto della vittoria, le nuove leggi contro le prepotenze di baroni agrari e gabellotti mafiosi. E, subito dopo il sapore amaro di una sconfitta inattesa. E\u2019 stata l\u2019unica epopea popolare della Sicilia moderna. La stagione delle lotte contadine, dell\u2019occupazione dei feudi,della riforma agraria.\u201d<\/em><\/strong><\/p>\n<p>Certi riscatti chiesti per affrancare la propria vita attraverso il sequestro di quella altrui. Non per denaro ma per prendersi una rivincita sulla disuguaglianza.<\/p>\n<p>\u201c<strong><em>Ha una catena: la zappa, una certezza: che cos\u00ec non pu\u00f2 continuare,\u00a0 un\u2019emozione: la donna quasi sempre anziana<\/em><\/strong><strong>. <em>Poi la via della ragione. Sostituendo alla zappa un mitra, per aprirsi la strada verso qualcosa da chiamare vita.&lt;Deve andarci lei solo al Jolly Hotel?&gt;, aveva chiesto con rabbia al barone, per cercare di spiegargli il motivo per cui l\u2019aveva sequestrato in cerca di riscatto.<\/em><\/strong><em>\u201d<\/em><\/p>\n<p>L\u2019individualismo dei siciliani \u00e8 il miglior guardiano delle ribellioni.<\/p>\n<p>\u201c<strong><em>Nella solitudine siciliana ciascuno gioca la sua partita contro il resto del mondo.\u201d<\/em><\/strong><\/p>\n<p>Il siciliano non ha nessuno spirito di cooperazione, \u00e8 un popolo disgregato. Soggiogato da un feudalesimo mai finito.<\/p>\n<p>\u201c<strong><em>Non riuscivano nemmeno a seminare. Appena conquistata una fetta di terra in concessione, i contadini non volevano saperne di gestione collettiva, si facevano sospettosi e diffidenti, reclamavano un lotto per s\u00e9, sorgevano rancori e liti, si rompeva subito l\u2019unit\u00e0 politica.<\/em><\/strong><strong>\u201d <\/strong><\/p>\n<p>Chi \u00e8 indigente non pu\u00f2 investire il proprio tempo negli studi, deve darsi da fare per sfamarsi. Ci\u00f2 peggiora sempre pi\u00f9 la sua condizione. Il riscatto passa solo attraverso l\u2019istruzione. E il potere lo sa.<\/p>\n<p>\u201c<strong><em>Il fatto che ancora a dieci anni studiassi, destava scandalo tra i contadini. Mia nonna rimproverava mia madre, tenermi a\u00a0 scuola era uno spreco, e tutti i parenti e i vicini, disapprovavano mio padre\u201d <\/em><\/strong><strong>\u00a0<\/strong><\/p>\n<p>La tradizione di cui il popolo \u00e8 vittima e al tempo stesso promotore, spesso inibisce l\u2019idea di progresso, di quel progresso che migliora le condizioni di vita di tutti e aiuta lo sviluppo civile.<\/p>\n<p>\u201c<strong><em>L\u2019esperienza non si accumula, non salta mai da quantit\u00e0 a qualit\u00e0, passa di bocca in bocca, dai vecchi ai giovani, immutabile. Secoli di agricoltura ammucchiati invano.<\/em><\/strong> <strong><em>Sembra una civilt\u00e0 ma \u00e8 solo fatica e ignoranza, sapientemente distillate in cento proverbi e comportamenti che camuffano da saggezza il silenzio e il fatalismo, che esaltano la radicata convinzione che ogni mutamento \u00e8 in peggio. Una somma millenaria di errori <\/em><\/strong><strong>\u201d <\/strong><\/p>\n<p>Carmelo Celona<\/p>\n<p>Messina 10\/07\/2012<\/p>\n<p>&nbsp;<\/p>\n<p>Lacerti tratti da:<\/p>\n<p>\u201c<em>Terra di rapina <\/em>\u201d \u2013 1977<\/p>\n<p>Giuliana\u00a0 Saladino<\/p>\n<p><img loading=\"lazy\" decoding=\"async\" class=\"alignnone size-medium wp-image-2000\" src=\"http:\/\/www.carmelocelona.com\/wp-content\/uploads\/2022\/02\/4-283x300.png\" alt=\"\" width=\"283\" height=\"300\" srcset=\"http:\/\/www.carmelocelona.com\/wp-content\/uploads\/2022\/02\/4-283x300.png 283w, http:\/\/www.carmelocelona.com\/wp-content\/uploads\/2022\/02\/4-480x508.png 480w, http:\/\/www.carmelocelona.com\/wp-content\/uploads\/2022\/02\/4.png 510w\" sizes=\"(max-width: 283px) 100vw, 283px\" \/><\/p>\n<p>&nbsp;<\/p>\n","protected":false},"excerpt":{"rendered":"<p>Fu una delle poche stagioni in cui i siciliani da inquilini tentarono di divenire padroni della loro storia. \u201cL\u2019entusiasmo e il dolore dello scontro (i morti, gli incarcerati, gli umiliati),<\/p>\n","protected":false},"author":1,"featured_media":2003,"comment_status":"open","ping_status":"open","sticky":false,"template":"","format":"standard","meta":{"footnotes":""},"categories":[10],"tags":[],"_links":{"self":[{"href":"http:\/\/www.carmelocelona.com\/index.php\/wp-json\/wp\/v2\/posts\/1999"}],"collection":[{"href":"http:\/\/www.carmelocelona.com\/index.php\/wp-json\/wp\/v2\/posts"}],"about":[{"href":"http:\/\/www.carmelocelona.com\/index.php\/wp-json\/wp\/v2\/types\/post"}],"author":[{"embeddable":true,"href":"http:\/\/www.carmelocelona.com\/index.php\/wp-json\/wp\/v2\/users\/1"}],"replies":[{"embeddable":true,"href":"http:\/\/www.carmelocelona.com\/index.php\/wp-json\/wp\/v2\/comments?post=1999"}],"version-history":[{"count":1,"href":"http:\/\/www.carmelocelona.com\/index.php\/wp-json\/wp\/v2\/posts\/1999\/revisions"}],"predecessor-version":[{"id":2004,"href":"http:\/\/www.carmelocelona.com\/index.php\/wp-json\/wp\/v2\/posts\/1999\/revisions\/2004"}],"wp:featuredmedia":[{"embeddable":true,"href":"http:\/\/www.carmelocelona.com\/index.php\/wp-json\/wp\/v2\/media\/2003"}],"wp:attachment":[{"href":"http:\/\/www.carmelocelona.com\/index.php\/wp-json\/wp\/v2\/media?parent=1999"}],"wp:term":[{"taxonomy":"category","embeddable":true,"href":"http:\/\/www.carmelocelona.com\/index.php\/wp-json\/wp\/v2\/categories?post=1999"},{"taxonomy":"post_tag","embeddable":true,"href":"http:\/\/www.carmelocelona.com\/index.php\/wp-json\/wp\/v2\/tags?post=1999"}],"curies":[{"name":"wp","href":"https:\/\/api.w.org\/{rel}","templated":true}]}}