{"id":1578,"date":"2012-06-27T19:51:57","date_gmt":"2012-06-27T17:51:57","guid":{"rendered":"http:\/\/www.carmelocelona.com\/?p=1578"},"modified":"2021-12-05T19:56:20","modified_gmt":"2021-12-05T18:56:20","slug":"ho-unidea","status":"publish","type":"post","link":"http:\/\/www.carmelocelona.com\/index.php\/2012\/06\/27\/ho-unidea\/","title":{"rendered":"Ho un\u2019idea"},"content":{"rendered":"<p>Oggi, sempre pi\u00f9 spesso, per sopravvivere bisogna umiliare la propria preparazione.<\/p>\n<p>\u201c<strong><em>Venivamo pagati un tanto ad umiliazione. Soprattutto per accantonare la nostra cultura umanista.<\/em><\/strong><em>\u201d<\/em><\/p>\n<p>Il fascino che hanno i pratici sugli stupidi.<\/p>\n<p>\u201c<strong><em>Quelli che si fermano di fronte alle\u00a0 competenze specialistiche\u00a0 di un idraulico non concedono fiducia a chi inventa, perch\u00e9 inventare inventano tutti, che ci vuole? Ma sgorgare un lavabo\u2026.<\/em><\/strong><strong>\u201d<\/strong><\/p>\n<p>Un\u2019estrema disponibilit\u00e0 altrui rende inverosimile l\u2019offerta e fastidioso chi l\u2019avanza.<\/p>\n<p>\u201c<strong><em>&lt;Sempre scarso ai vostri comandi&gt; mi diceva un portiere gentilissimo quanto esagerato nella disponibilit\u00e0.<\/em><\/strong><\/p>\n<p>L\u2019esibizione del dolore \u00e8 un atteggiamento che invece di ispirare la pietas sconcerta.<\/p>\n<p>\u201c<strong><em>Il dolore, o meglio la sua recita, non favorisce la comprensione. <\/em><\/strong><strong>\u201d <\/strong><\/p>\n<p>L\u2019avvilente grigiore della mediocrit\u00e0:<\/p>\n<p>\u201c<strong><em>I mediocri, opachi personaggi dal modesto spessore\u201d <\/em><\/strong><strong>\u00a0<\/strong><\/p>\n<p>Quando Milano per chi vi emigrava non era per nulla un piacevole dissetante.<\/p>\n<p>\u201c <strong><em>Milano va presa per il petto, se non vuoi che ti prenda per il culo.\u201d <\/em><\/strong><strong>\u00a0<\/strong><\/p>\n<p>Sono tutti riformisti ma nessuno spiega esattamente cosa vuole riformare.<\/p>\n<p>\u201c<strong><em>La rivoluzione \u00e8 scomoda. Meglio il riformismo. Che magari ti concede\u00a0 dei momenti liberi per distrarti.\u201d <\/em><\/strong><strong>\u00a0<\/strong><\/p>\n<p>Non basta la buona volont\u00e0 per essere creativi. Il guaio \u00e8 che spesso fare e creare si confondono ed il primo si traveste del secondo.<\/p>\n<p>\u201c<strong><em>&lt;Io ho un\u2019idea&gt; rilev\u00f2. Quando il discorso comincia con questa premessa e consigliabile chiudersi in difesa. L\u2019esperienza mi ha insegnato che &lt;ho un\u2019idea&gt; lo dice soprattutto chi non ne ha e scambia un\u2019intenzione per un\u2019invenzione. <\/em><\/strong><strong>\u201d <\/strong><\/p>\n<p>La novit\u00e0 anche se risolve il problema ha il torto, agli occhi dei molti, di stravolgere le loro tranquillizzanti consuetudini.<\/p>\n<p>\u201c<strong><em>La novit\u00e0 \u00e8 il difetto pi\u00f9 difficile\u00a0 da superare in un\u2019idea. L\u2019originalit\u00e0 \u00e8 spesso un handicap. <\/em><\/strong>\u00a0<strong><em>L\u2019eccesso di originalit\u00e0, l\u2019essere troppo avanti, troppo innovativi, \u00e8 portato come causa di un mancato riscontro positivo.\u201d <\/em><\/strong><strong>\u00a0<\/strong><\/p>\n<p>Quando i luoghi del nostro passato cambiano fisionomia, non sono loro ad essere cambiati, ma qualcosa \u00e8 cambiata in noi.<\/p>\n<p><strong><em>\u201cTornare nei posti dell\u2019adolescenza \u00e8 stringente. E\u2019 utile per capire se l\u2019adolescenza \u00e8 veramente finita. \u201d<\/em><\/strong><\/p>\n<p>In citt\u00e0 l\u2019arrivo dell\u2019estate \u00e8 annunciato dal profumo dei tigli dei viali alberati.<\/p>\n<p>\u201c<strong><em>C\u2019era un profumo di tigli che sapeva di scrutini e d\u2019esami.\u201d <\/em><\/strong><strong>\u00a0<\/strong><\/p>\n<p>La malattia e la morte sono fatti naturali, i matrimoni un po\u2019 meno.<\/p>\n<p>\u201c <strong><em>Rientrai a Milano. Le novit\u00e0 erano tre: Roberto s\u2019era innamorato, aveva avuto un attacco ischemico e si voleva sposare. Tre eventi contemporanei ed imprevedibili.&lt;L\u2019unico grave \u00e8 il matrimonio&gt; comment\u00f2 Nino.\u201d <\/em><\/strong><strong>\u00a0<\/strong><\/p>\n<p>Carmelo Celona<\/p>\n<p>24\/06\/2012<\/p>\n<p>&nbsp;<\/p>\n<p>Lacerti tratti da:<\/p>\n<p>\u201c<em>quando la rugola non c\u2019era <\/em>\u201d \u2013 2007<\/p>\n<p>\u201c<em>non ci sono pi\u00f9 i cretini di una volta <\/em>\u201d \u2013 2008<\/p>\n<p>Enrico Vaime<\/p>\n<p><img loading=\"lazy\" decoding=\"async\" class=\"alignnone size-medium wp-image-1579\" src=\"http:\/\/www.carmelocelona.com\/wp-content\/uploads\/2021\/12\/enrico-vaime-1-300x169.jpg\" alt=\"\" width=\"300\" height=\"169\" srcset=\"http:\/\/www.carmelocelona.com\/wp-content\/uploads\/2021\/12\/enrico-vaime-1-300x169.jpg 300w, http:\/\/www.carmelocelona.com\/wp-content\/uploads\/2021\/12\/enrico-vaime-1-1024x576.jpg 1024w, http:\/\/www.carmelocelona.com\/wp-content\/uploads\/2021\/12\/enrico-vaime-1-768x432.jpg 768w, http:\/\/www.carmelocelona.com\/wp-content\/uploads\/2021\/12\/enrico-vaime-1-1536x864.jpg 1536w, http:\/\/www.carmelocelona.com\/wp-content\/uploads\/2021\/12\/enrico-vaime-1-2048x1152.jpg 2048w, http:\/\/www.carmelocelona.com\/wp-content\/uploads\/2021\/12\/enrico-vaime-1-480x270.jpg 480w, http:\/\/www.carmelocelona.com\/wp-content\/uploads\/2021\/12\/enrico-vaime-1-1200x675.jpg 1200w\" sizes=\"(max-width: 300px) 100vw, 300px\" \/><\/p>\n","protected":false},"excerpt":{"rendered":"<p>Oggi, sempre pi\u00f9 spesso, per sopravvivere bisogna umiliare la propria preparazione. \u201cVenivamo pagati un tanto ad umiliazione. Soprattutto per accantonare la nostra cultura umanista.\u201d Il fascino che hanno i pratici<\/p>\n","protected":false},"author":1,"featured_media":1584,"comment_status":"open","ping_status":"open","sticky":false,"template":"","format":"standard","meta":{"footnotes":""},"categories":[10],"tags":[],"_links":{"self":[{"href":"http:\/\/www.carmelocelona.com\/index.php\/wp-json\/wp\/v2\/posts\/1578"}],"collection":[{"href":"http:\/\/www.carmelocelona.com\/index.php\/wp-json\/wp\/v2\/posts"}],"about":[{"href":"http:\/\/www.carmelocelona.com\/index.php\/wp-json\/wp\/v2\/types\/post"}],"author":[{"embeddable":true,"href":"http:\/\/www.carmelocelona.com\/index.php\/wp-json\/wp\/v2\/users\/1"}],"replies":[{"embeddable":true,"href":"http:\/\/www.carmelocelona.com\/index.php\/wp-json\/wp\/v2\/comments?post=1578"}],"version-history":[{"count":3,"href":"http:\/\/www.carmelocelona.com\/index.php\/wp-json\/wp\/v2\/posts\/1578\/revisions"}],"predecessor-version":[{"id":1585,"href":"http:\/\/www.carmelocelona.com\/index.php\/wp-json\/wp\/v2\/posts\/1578\/revisions\/1585"}],"wp:featuredmedia":[{"embeddable":true,"href":"http:\/\/www.carmelocelona.com\/index.php\/wp-json\/wp\/v2\/media\/1584"}],"wp:attachment":[{"href":"http:\/\/www.carmelocelona.com\/index.php\/wp-json\/wp\/v2\/media?parent=1578"}],"wp:term":[{"taxonomy":"category","embeddable":true,"href":"http:\/\/www.carmelocelona.com\/index.php\/wp-json\/wp\/v2\/categories?post=1578"},{"taxonomy":"post_tag","embeddable":true,"href":"http:\/\/www.carmelocelona.com\/index.php\/wp-json\/wp\/v2\/tags?post=1578"}],"curies":[{"name":"wp","href":"https:\/\/api.w.org\/{rel}","templated":true}]}}